{"id":66246,"date":"2023-10-10T16:14:52","date_gmt":"2023-10-10T14:14:52","guid":{"rendered":"https:\/\/jugulajm.net\/?p=66246"},"modified":"2023-10-10T16:14:52","modified_gmt":"2023-10-10T14:14:52","slug":"3-vellezer-qellojne-me-thike-29-vjecarin","status":"publish","type":"post","link":"https:\/\/jugulajm.net\/?p=66246","title":{"rendered":"3 v\u00ebllez\u00ebr q\u00ebllojn\u00eb me thik\u00eb 29-vje\u00e7arin"},"content":{"rendered":"<p>Nj\u00eb konflikt p\u00ebr motive t\u00eb dob\u00ebta ka degraduar n\u00eb p\u00ebrdorimin e thikave n\u00eb Pogradec.<\/p>\n<p>3 v\u00ebllez\u00ebr jan\u00eb konfliktuar me nj\u00eb 29-vje\u00e7ar t\u00eb cilin e kan\u00eb plagosur me mjet prer\u00ebs.<\/p>\n<p>Ngjarja ka ndodhur k\u00ebt\u00eb t\u00eb mart\u00eb rreth or\u00ebs 14:30, n\u00eb lagjen nr. 1, tek ish-tregu.<\/p>\n<p>29-vje\u00e7ari ndodhet n\u00eb spital duke marr\u00eb ndihm\u00ebn mjek\u00ebsore t\u00eb nevojshme, nd\u00ebrsa v\u00ebllez\u00ebrit jan\u00eb shoq\u00ebruar n\u00eb komisariat p\u00ebr veprime t\u00eb m\u00ebtejshme procedurale.<\/p>\n<p>Grupi hetimor po punon p\u00ebr sqarimin e rrethanave t\u00eb ngjarjes.<!--more--><\/p>\n","protected":false},"excerpt":{"rendered":"<p>Nj\u00eb konflikt p\u00ebr motive t\u00eb dob\u00ebta ka degraduar n\u00eb p\u00ebrdorimin e thikave n\u00eb Pogradec. 3 v\u00ebllez\u00ebr jan\u00eb konfliktuar me nj\u00eb 29-vje\u00e7ar t\u00eb cilin e kan\u00eb plagosur me mjet prer\u00ebs. Ngjarja ka ndodhur k\u00ebt\u00eb t\u00eb mart\u00eb rreth or\u00ebs 14:30, n\u00eb lagjen nr. 1, tek ish-tregu. 29-vje\u00e7ari ndodhet n\u00eb spital duke marr\u00eb ndihm\u00ebn mjek\u00ebsore t\u00eb nevojshme, nd\u00ebrsa [&hellip;]<\/p>\n","protected":false},"author":5,"featured_media":51534,"comment_status":"closed","ping_status":"closed","sticky":false,"template":"","format":"standard","meta":{"footnotes":""},"categories":[1,6332],"tags":[26868],"class_list":{"0":"post-66246","1":"post","2":"type-post","3":"status-publish","4":"format-standard","5":"has-post-thumbnail","7":"category-aktualitet","8":"category-te-fundit","9":"tag-3-vellezer-qellojne-me-thike-29-vjecarin"},"_links":{"self":[{"href":"https:\/\/jugulajm.net\/index.php?rest_route=\/wp\/v2\/posts\/66246","targetHints":{"allow":["GET"]}}],"collection":[{"href":"https:\/\/jugulajm.net\/index.php?rest_route=\/wp\/v2\/posts"}],"about":[{"href":"https:\/\/jugulajm.net\/index.php?rest_route=\/wp\/v2\/types\/post"}],"author":[{"embeddable":true,"href":"https:\/\/jugulajm.net\/index.php?rest_route=\/wp\/v2\/users\/5"}],"replies":[{"embeddable":true,"href":"https:\/\/jugulajm.net\/index.php?rest_route=%2Fwp%2Fv2%2Fcomments&post=66246"}],"version-history":[{"count":0,"href":"https:\/\/jugulajm.net\/index.php?rest_route=\/wp\/v2\/posts\/66246\/revisions"}],"wp:featuredmedia":[{"embeddable":true,"href":"https:\/\/jugulajm.net\/index.php?rest_route=\/wp\/v2\/media\/51534"}],"wp:attachment":[{"href":"https:\/\/jugulajm.net\/index.php?rest_route=%2Fwp%2Fv2%2Fmedia&parent=66246"}],"wp:term":[{"taxonomy":"category","embeddable":true,"href":"https:\/\/jugulajm.net\/index.php?rest_route=%2Fwp%2Fv2%2Fcategories&post=66246"},{"taxonomy":"post_tag","embeddable":true,"href":"https:\/\/jugulajm.net\/index.php?rest_route=%2Fwp%2Fv2%2Ftags&post=66246"}],"curies":[{"name":"wp","href":"https:\/\/api.w.org\/{rel}","templated":true}]}}