{"id":66220,"date":"2023-10-09T20:03:39","date_gmt":"2023-10-09T18:03:39","guid":{"rendered":"https:\/\/jugulajm.net\/?p=66220"},"modified":"2023-10-09T20:03:39","modified_gmt":"2023-10-09T18:03:39","slug":"foto-zbardhen-detajet-ja-si-ra-ne-gjurmet-e-policise-shefi-i-komisariatit-qe-u-arrestua-sot","status":"publish","type":"post","link":"https:\/\/jugulajm.net\/?p=66220","title":{"rendered":"FOTO\/ Zbardhen detajet, ja si ra n\u00eb gjurm\u00ebt e policis\u00eb shefi i komisariatit q\u00eb u arrestua sot"},"content":{"rendered":"<div class=\"l-shared-sec-outer show-mobile\">\n<div class=\"l-shared-sec\">\n<div class=\"l-shared-items effect-fadeout is-color\">Ky q\u00eb shihni n\u00eb foton e m\u00ebsip\u00ebrme \u00ebsht\u00eb Dritan Meta, shefi i policis\u00eb n\u00eb Kurbin, i cili u arrestua sot n\u00eb kuad\u00ebr t\u00eb megaoperacionit \u201cFlak\u00ebt n\u00eb det\u201d, i zhvilluar nga SPAK dhe Policia e Shtetit.<\/div>\n<\/div>\n<\/div>\n<div class=\"e-ct-outer\">\n<div class=\"entry-content rbct clearfix is-highlight-shares\">\n<p>Gazetaret kane m\u00ebsuar detajet, se si ra n\u00eb gjurm\u00ebt e policis\u00eb shefi i komisariatit.<\/p>\n<p>Ishte zb\u00ebrthimi i nj\u00eb prej celular\u00ebve te sekuestruara m\u00eb her\u00ebt ku kan\u00eb nxjerr\u00eb zbuluar lidhjen e shefit t\u00eb komisariatit me grupin kriminal.<\/p>\n<\/div>\n<\/div>\n","protected":false},"excerpt":{"rendered":"<p>Ky q\u00eb shihni n\u00eb foton e m\u00ebsip\u00ebrme \u00ebsht\u00eb Dritan Meta, shefi i policis\u00eb n\u00eb Kurbin, i cili u arrestua sot n\u00eb kuad\u00ebr t\u00eb megaoperacionit \u201cFlak\u00ebt n\u00eb det\u201d, i zhvilluar nga SPAK dhe Policia e Shtetit. Gazetaret kane m\u00ebsuar detajet, se si ra n\u00eb gjurm\u00ebt e policis\u00eb shefi i komisariatit. Ishte zb\u00ebrthimi i nj\u00eb prej celular\u00ebve [&hellip;]<\/p>\n","protected":false},"author":5,"featured_media":66221,"comment_status":"closed","ping_status":"closed","sticky":false,"template":"","format":"standard","meta":{"footnotes":""},"categories":[1,6332],"tags":[26853,26854],"class_list":{"0":"post-66220","1":"post","2":"type-post","3":"status-publish","4":"format-standard","5":"has-post-thumbnail","7":"category-aktualitet","8":"category-te-fundit","9":"tag-foto-zbardhen-detajet","10":"tag-ja-si-ra-ne-gjurmet-e-policise-shefi-i-komisariatit-qe-u-arrestua-sot"},"_links":{"self":[{"href":"https:\/\/jugulajm.net\/index.php?rest_route=\/wp\/v2\/posts\/66220","targetHints":{"allow":["GET"]}}],"collection":[{"href":"https:\/\/jugulajm.net\/index.php?rest_route=\/wp\/v2\/posts"}],"about":[{"href":"https:\/\/jugulajm.net\/index.php?rest_route=\/wp\/v2\/types\/post"}],"author":[{"embeddable":true,"href":"https:\/\/jugulajm.net\/index.php?rest_route=\/wp\/v2\/users\/5"}],"replies":[{"embeddable":true,"href":"https:\/\/jugulajm.net\/index.php?rest_route=%2Fwp%2Fv2%2Fcomments&post=66220"}],"version-history":[{"count":0,"href":"https:\/\/jugulajm.net\/index.php?rest_route=\/wp\/v2\/posts\/66220\/revisions"}],"wp:featuredmedia":[{"embeddable":true,"href":"https:\/\/jugulajm.net\/index.php?rest_route=\/wp\/v2\/media\/66221"}],"wp:attachment":[{"href":"https:\/\/jugulajm.net\/index.php?rest_route=%2Fwp%2Fv2%2Fmedia&parent=66220"}],"wp:term":[{"taxonomy":"category","embeddable":true,"href":"https:\/\/jugulajm.net\/index.php?rest_route=%2Fwp%2Fv2%2Fcategories&post=66220"},{"taxonomy":"post_tag","embeddable":true,"href":"https:\/\/jugulajm.net\/index.php?rest_route=%2Fwp%2Fv2%2Ftags&post=66220"}],"curies":[{"name":"wp","href":"https:\/\/api.w.org\/{rel}","templated":true}]}}