{"id":66201,"date":"2023-10-09T13:40:40","date_gmt":"2023-10-09T11:40:40","guid":{"rendered":"https:\/\/jugulajm.net\/?p=66201"},"modified":"2023-10-09T13:40:40","modified_gmt":"2023-10-09T11:40:40","slug":"vajzen-ia-vrau-dhendri-ben-deklaraten-e-forte-babai-i-37-vjecares-do-ia-beja-hallall-nese","status":"publish","type":"post","link":"https:\/\/jugulajm.net\/?p=66201","title":{"rendered":"Vajz\u00ebn ia vrau dh\u00ebndri, b\u00ebn deklarat\u00ebn e fort\u00eb babai i 37-vje\u00e7ares: Do ia b\u00ebja hallall n\u00ebse&#8230;"},"content":{"rendered":"<p>Detaje t\u00eb reja jan\u00eb zbuluar pas ngjarjes s\u00eb r\u00ebnd\u00eb n\u00eb Itali, ku Alfred Vefa, 44 vje\u00e7 vrau bashk\u00ebshorten e tij Klodiana Vefa m\u00eb 28 shtator, teksa dy dit\u00eb m\u00eb pas u gjet i vet\u00ebvrar\u00eb.<\/p>\n<p>Shkak dyshohet xhelozia, pasi sipas mediave italiane \u00e7ifti ishin duke u ndar\u00eb dhe madje Klodiana kishte nj\u00eb raport tjet\u00ebr me nj\u00eb shtetas italian, i cili nuk ishte pranuar nga Alfredi.<\/p>\n<p>Por babai i Klodian\u00ebs, n\u00eb nj\u00eb rr\u00ebfim n\u00eb emisionin \u201cMe zem\u00ebr t\u00eb hapur\u201d ka hedhur posht\u00eb k\u00ebt\u00eb version. Ai tha se Klodiana nuk kishte asnj\u00eb lidhje tjet\u00ebr dhe se nuk kishte dijeni p\u00ebr konflikte mes t\u00eb bij\u00ebs dhe dh\u00ebndrit. Madje sipas tij, Alfredi punonte me djalin tjet\u00ebr, t\u00eb cilit i thoshte v\u00eblla.<\/p>\n<p>Ai b\u00ebri deklarat\u00ebn e fort\u00eb se do ia b\u00ebnte hallall dh\u00ebndrit vrasjes e s\u00eb bij\u00ebs n\u00ebse ajo do e kishte tradhtuar.<\/p>\n<div class=\"insertion-box\">\n<div class=\"\">\n<div id=\"t6523e6289da1d\" data-p=\"100\">Gjithsesi ai ngriti dyshime t\u00eb forta p\u00ebr v\u00ebllain e Alfredit, si nj\u00eb nga shkaktar\u00ebt e krimit, pasi sipas tij kishte folur keq p\u00ebr Klodian\u00ebn, kur imazhi i saj n\u00eb komunitetin ku jetonte ishte shum\u00eb i dashur.<\/div>\n<\/div>\n<\/div>\n<p>\u201c<em>Un\u00eb kam q\u00ebndruar 25 dit\u00eb n\u00eb Itali dhe nuk kam kuptuar asgj\u00eb. Nuk e dija q\u00eb kishin probleme. As arm\u00ebn nuk e dija q\u00eb e kishte.<\/em><\/p>\n<p><em>Do ia b\u00ebja hallall vrasjen Alfredit n\u00ebse do ishte e v\u00ebrtet\u00eb tradhtia. Por nj\u00eb pjes\u00eb t\u00eb madhe t\u00eb fajit e ka kunati i saj. Ai ka folur keq p\u00ebr t\u00eb, pak koh\u00eb para vrasjes ishte takuar me Alfredin. Ne do ta zbardhim t\u00eb v\u00ebrtet\u00ebn<\/em>\u201d, tha babai i 37-vje\u00e7ares.<\/p>\n","protected":false},"excerpt":{"rendered":"<p>Detaje t\u00eb reja jan\u00eb zbuluar pas ngjarjes s\u00eb r\u00ebnd\u00eb n\u00eb Itali, ku Alfred Vefa, 44 vje\u00e7 vrau bashk\u00ebshorten e tij Klodiana Vefa m\u00eb 28 shtator, teksa dy dit\u00eb m\u00eb pas u gjet i vet\u00ebvrar\u00eb. Shkak dyshohet xhelozia, pasi sipas mediave italiane \u00e7ifti ishin duke u ndar\u00eb dhe madje Klodiana kishte nj\u00eb raport tjet\u00ebr me nj\u00eb [&hellip;]<\/p>\n","protected":false},"author":5,"featured_media":65755,"comment_status":"closed","ping_status":"closed","sticky":false,"template":"","format":"standard","meta":{"footnotes":""},"categories":[1,6332],"tags":[26841,26840],"class_list":{"0":"post-66201","1":"post","2":"type-post","3":"status-publish","4":"format-standard","5":"has-post-thumbnail","7":"category-aktualitet","8":"category-te-fundit","9":"tag-ben-deklaraten-e-forte-babai-i-37-vjecares-do-ia-beja-hallall-nese","10":"tag-vajzen-ia-vrau-dhendri"},"_links":{"self":[{"href":"https:\/\/jugulajm.net\/index.php?rest_route=\/wp\/v2\/posts\/66201","targetHints":{"allow":["GET"]}}],"collection":[{"href":"https:\/\/jugulajm.net\/index.php?rest_route=\/wp\/v2\/posts"}],"about":[{"href":"https:\/\/jugulajm.net\/index.php?rest_route=\/wp\/v2\/types\/post"}],"author":[{"embeddable":true,"href":"https:\/\/jugulajm.net\/index.php?rest_route=\/wp\/v2\/users\/5"}],"replies":[{"embeddable":true,"href":"https:\/\/jugulajm.net\/index.php?rest_route=%2Fwp%2Fv2%2Fcomments&post=66201"}],"version-history":[{"count":0,"href":"https:\/\/jugulajm.net\/index.php?rest_route=\/wp\/v2\/posts\/66201\/revisions"}],"wp:featuredmedia":[{"embeddable":true,"href":"https:\/\/jugulajm.net\/index.php?rest_route=\/wp\/v2\/media\/65755"}],"wp:attachment":[{"href":"https:\/\/jugulajm.net\/index.php?rest_route=%2Fwp%2Fv2%2Fmedia&parent=66201"}],"wp:term":[{"taxonomy":"category","embeddable":true,"href":"https:\/\/jugulajm.net\/index.php?rest_route=%2Fwp%2Fv2%2Fcategories&post=66201"},{"taxonomy":"post_tag","embeddable":true,"href":"https:\/\/jugulajm.net\/index.php?rest_route=%2Fwp%2Fv2%2Ftags&post=66201"}],"curies":[{"name":"wp","href":"https:\/\/api.w.org\/{rel}","templated":true}]}}