{"id":66184,"date":"2023-10-09T06:50:28","date_gmt":"2023-10-09T04:50:28","guid":{"rendered":"https:\/\/jugulajm.net\/?p=66184"},"modified":"2023-10-09T12:41:08","modified_gmt":"2023-10-09T10:41:08","slug":"video-kryengritja-e-zhapokikes-ne-75-vjetorin-e-saj-ngrihet-memoriali-qe-evokon-kete-ngjarje-te-lavdishme","status":"publish","type":"post","link":"https:\/\/jugulajm.net\/?p=66184","title":{"rendered":"VIDEO\/Kryengritja e Zhapokik\u00ebs n\u00eb 75 vjetorin e saj, ngrihet memoriali q\u00eb evokon k\u00ebt\u00eb ngjarje t\u00eb lavdishme"},"content":{"rendered":"<p>Nj\u00eb memorial kushtuar n\u00eb shenj\u00eb nderimi dhe mir\u00ebnjohjeje ndaj burrave q\u00eb guxuan t\u00eb par\u00ebt n\u00eb Shqip\u00ebri, t\u00eb kund\u00ebrshtonin rregjimin komunist n\u00eb fillimet e tij. N\u00eb fshatin Zhapokik\u00eb \u00ebsht\u00eb organizuar ceremonia p\u00ebrkujtimore kushtuar 75-vjetorit t\u00eb kryengritjes s\u00eb Zhapokik\u00ebs &#8220;Nderi i Kombit&#8221;.<\/p>\n<p>Si pjes\u00eb e ceremonis\u00eb ka qen\u00eb inagurimi i memorialit t\u00eb nd\u00ebrtuar nga Bashkia Memaliaj fill pas fitimit t\u00eb k\u00ebsaj bashkie nga koalicioni opozitar. Ky memorial \u00ebsht\u00eb nd\u00ebrtuar k\u00ebto dit\u00eb n\u00eb kuad\u00ebr t\u00eb vitit jubilar t\u00eb kryengritjes antikomuniste n\u00eb jug t\u00eb vendit n\u00eb shenj\u00eb nderimi dhe mir\u00ebnjohje ndaj gjith\u00eb burrave q\u00eb guxuan t\u00eb kund\u00ebrshtonin rregjimin e Enver Hoxh\u00ebs. Ceremonia nisi me vendosjen e kurorave me lule nga deputeti i zon\u00ebs Tritan Shehu, kryebashkiaku i Memaliajt Albert Malaj. N\u00eb k\u00ebt\u00eb ceremoni kan\u00eb marr\u00eb pjes\u00eb p\u00ebrfaq\u00ebsuesi i Autoritetit p\u00ebr Informim mbi Dokumentet e ish-Sigurimit t\u00eb Shtetit Gjergj Marku, kryetar i Shoqat\u00ebs Antikomuniste e ish-t\u00eb P\u00ebrndjekurve Politik\u00eb Malo Sadiku, Simon Miraka (ish i p\u00ebrndjekur politik), familjar\u00eb dhe t\u00eb af\u00ebrm t\u00eb kryengrit\u00ebsve t\u00eb Zhapokik\u00ebs.<\/p>\n<p>Trash\u00ebgimtar\u00eb t\u00eb kryengrit\u00ebsve p\u00ebrkujtojn\u00eb nga t\u00eb par\u00ebt e tyre ngjarjen e lavdishme q\u00eb tronditi n\u00eb 2 tetor t\u00eb 1948 rregjimin komunist.<\/p>\n<p>Deputeti i zon\u00ebs Tritan Shehu ka \u00e7muar ngritjen e k\u00ebtij memoriali si memorie e pa\u00e7muar ndaj vlerave t\u00eb k\u00ebsaj ngjarjeje t\u00eb lavdishme.<\/p>\n<p>L\u00ebvizja e armatosur e Zhapokik\u00ebs, u organizua n\u00eb shtator-tetor t\u00eb vitit 1948 si kryengritje antikomuniste e banor\u00ebve t\u00eb zon\u00ebs, ndaj pak\u00ebnaq\u00ebsis\u00eb s\u00eb qeverisjes komuniste dhe p\u00ebrpjekje e qart\u00eb kund\u00ebr regjimit diktatorial. Ishte nd\u00ebr l\u00ebvizjet e para t\u00eb forta antikomuniste n\u00eb jug t\u00eb vendit, e mir\u00eborganizuar me ideale t\u00eb forta, betim para flamurit dhe vendosm\u00ebri kund\u00ebr pushtetit komunist. Merita e p\u00ebrgatitjes dhe e organizimit t\u00eb kryengritjes i takon Xhemal Brahim Asllanit, ish partizan. Burrat q\u00eb mor\u00ebn arm\u00ebt dhe i\u2019u bashkuan atij, ishin t\u00eb mosh\u00ebs mesatare 40 vje\u00e7 t\u00eb m\u00ebsuar me varf\u00ebrin\u00eb, me normat e ashpra t\u00eb jet\u00ebs, me barr\u00ebn e dy luft\u00ebrave bot\u00ebrore mbi shpin\u00eb.<\/p>\n<p>Frym\u00ebzimin nuk e kishin nga element\u00eb t\u00eb ve\u00e7ant\u00eb, por t\u00eb gjith\u00eb an\u00ebtar\u00ebt e \u00e7et\u00ebs rreth 25 persona ishin bujq, me arsim t\u00eb ul\u00ebt, e madje t\u00eb pa arsimuar fare. Dol\u00ebn kund\u00ebr sistemit komunist, kur e kuptuan se do u tjet\u00ebrsohej prona, do u n\u00ebp\u00ebrk\u00ebmbnin zakonet dhe do u godisnin besimin. N\u00eb vjesht\u00ebn e vitit 1948, nisi organizimi dhe sulmi ndaj pushtetit komunist.<\/p>\n","protected":false},"excerpt":{"rendered":"<p>Nj\u00eb memorial kushtuar n\u00eb shenj\u00eb nderimi dhe mir\u00ebnjohjeje ndaj burrave q\u00eb guxuan t\u00eb par\u00ebt n\u00eb Shqip\u00ebri, t\u00eb kund\u00ebrshtonin rregjimin komunist n\u00eb fillimet e tij. N\u00eb fshatin Zhapokik\u00eb \u00ebsht\u00eb organizuar ceremonia p\u00ebrkujtimore kushtuar 75-vjetorit t\u00eb kryengritjes s\u00eb Zhapokik\u00ebs &#8220;Nderi i Kombit&#8221;. Si pjes\u00eb e ceremonis\u00eb ka qen\u00eb inagurimi i memorialit t\u00eb nd\u00ebrtuar nga Bashkia Memaliaj fill [&hellip;]<\/p>\n","protected":false},"author":5,"featured_media":66186,"comment_status":"closed","ping_status":"closed","sticky":false,"template":"","format":"video","meta":{"footnotes":""},"categories":[1,6332,26832],"tags":[26833],"class_list":{"0":"post-66184","1":"post","2":"type-post","3":"status-publish","4":"format-video","5":"has-post-thumbnail","7":"category-aktualitet","8":"category-te-fundit","9":"category-video","10":"tag-kryengritja-e-zhapokukes","11":"post_format-post-format-video"},"_links":{"self":[{"href":"https:\/\/jugulajm.net\/index.php?rest_route=\/wp\/v2\/posts\/66184","targetHints":{"allow":["GET"]}}],"collection":[{"href":"https:\/\/jugulajm.net\/index.php?rest_route=\/wp\/v2\/posts"}],"about":[{"href":"https:\/\/jugulajm.net\/index.php?rest_route=\/wp\/v2\/types\/post"}],"author":[{"embeddable":true,"href":"https:\/\/jugulajm.net\/index.php?rest_route=\/wp\/v2\/users\/5"}],"replies":[{"embeddable":true,"href":"https:\/\/jugulajm.net\/index.php?rest_route=%2Fwp%2Fv2%2Fcomments&post=66184"}],"version-history":[{"count":0,"href":"https:\/\/jugulajm.net\/index.php?rest_route=\/wp\/v2\/posts\/66184\/revisions"}],"wp:featuredmedia":[{"embeddable":true,"href":"https:\/\/jugulajm.net\/index.php?rest_route=\/wp\/v2\/media\/66186"}],"wp:attachment":[{"href":"https:\/\/jugulajm.net\/index.php?rest_route=%2Fwp%2Fv2%2Fmedia&parent=66184"}],"wp:term":[{"taxonomy":"category","embeddable":true,"href":"https:\/\/jugulajm.net\/index.php?rest_route=%2Fwp%2Fv2%2Fcategories&post=66184"},{"taxonomy":"post_tag","embeddable":true,"href":"https:\/\/jugulajm.net\/index.php?rest_route=%2Fwp%2Fv2%2Ftags&post=66184"}],"curies":[{"name":"wp","href":"https:\/\/api.w.org\/{rel}","templated":true}]}}