{"id":66173,"date":"2023-10-08T19:37:30","date_gmt":"2023-10-08T17:37:30","guid":{"rendered":"https:\/\/jugulajm.net\/?p=66173"},"modified":"2023-10-08T19:37:30","modified_gmt":"2023-10-08T17:37:30","slug":"homazhe-dhe-proteste-per-3-vjecarin-qe-humbi-jeten-pas-nderhyrjes-dentare-drejtesi-per-brianin","status":"publish","type":"post","link":"https:\/\/jugulajm.net\/?p=66173","title":{"rendered":"Homazhe dhe protest\u00eb p\u00ebr 3-vje\u00e7arin q\u00eb humbi jet\u00ebn pas nd\u00ebrhyrjes dentare: Drejt\u00ebsi p\u00ebr Brianin"},"content":{"rendered":"<div class=\"firstP\">\n<p>Qytetar\u00eb t\u00eb ndrysh\u00ebm jan\u00eb mbledhur sot n\u00eb protest\u00eb p\u00ebr 3-vje\u00e7arin i cili humbi jet\u00ebn pas nd\u00ebrhyrjes dentare.<\/p>\n<\/div>\n<p>Protesta u mbajt para klinik\u00ebs private ku vog\u00eblushi kreu nd\u00ebrhyrjen. Familjar\u00eb dhe qytetar\u00eb t\u00eb ndrysh\u00ebm mor\u00ebn pjes\u00eb, ku ndez\u00ebn qirinj dhe vendos\u00ebn lule.<\/p>\n<p>Me pankarta n\u00eb duar, ata th\u00ebrrasin \u201cDrejt\u00ebsi\u201d.<\/p>\n<p><em>\u201cDrejt\u00ebsi p\u00ebr Brianin\u201d; \u201cPse nuk flasin MJEK\u00cbT, po t\u00eb ishte f\u00ebmija i tyre a do t\u00eb flisnin?\u201d; \u201cBluzat e bardha jan\u00eb t\u00eb shp\u00ebtojn\u00eb jet\u00eb jo t\u00eb marrin jet\u00eb\u201d, \u201cKush ia \u00e7oi yndyrnat dhe sheqernat n\u00eb 0 Biranit? Presim p\u00ebrgjigje nga ju zonja dhe zoti Xhaxho\u201d; \u201cFshehja e provave dhe kamerave p\u00ebrb\u00ebjn\u00eb vep\u00ebr penale\u201d,\u00a0<\/em>k\u00ebto jan\u00eb disa nga pankartat e protestuesve.<\/p>\n<div id=\"g\" class=\"bigGalleryBox\">\n<div class=\"col-xs-12 col-md-12 col-sm-12 col-lg-12 bgbC noPadding\">\n<div class=\"imageHolder\"><img decoding=\"async\" class=\"img-responsive fullWidthImage\" src=\"https:\/\/top-channel.tv\/wp-content\/uploads\/2023\/10\/a0bfa580-44ee-4bed-aab0-d309049cbaaa.jpg\" \/><\/div>\n<\/div>\n<\/div>\n","protected":false},"excerpt":{"rendered":"<p>Qytetar\u00eb t\u00eb ndrysh\u00ebm jan\u00eb mbledhur sot n\u00eb protest\u00eb p\u00ebr 3-vje\u00e7arin i cili humbi jet\u00ebn pas nd\u00ebrhyrjes dentare. Protesta u mbajt para klinik\u00ebs private ku vog\u00eblushi kreu nd\u00ebrhyrjen. Familjar\u00eb dhe qytetar\u00eb t\u00eb ndrysh\u00ebm mor\u00ebn pjes\u00eb, ku ndez\u00ebn qirinj dhe vendos\u00ebn lule. Me pankarta n\u00eb duar, ata th\u00ebrrasin \u201cDrejt\u00ebsi\u201d. \u201cDrejt\u00ebsi p\u00ebr Brianin\u201d; \u201cPse nuk flasin MJEK\u00cbT, po [&hellip;]<\/p>\n","protected":false},"author":5,"featured_media":66174,"comment_status":"closed","ping_status":"closed","sticky":false,"template":"","format":"standard","meta":{"footnotes":""},"categories":[1,6332],"tags":[26826],"class_list":{"0":"post-66173","1":"post","2":"type-post","3":"status-publish","4":"format-standard","5":"has-post-thumbnail","7":"category-aktualitet","8":"category-te-fundit","9":"tag-homazhe-dhe-proteste-per-3-vjecarin-qe-humbi-jeten-pas-nderhyrjes-dentare-drejtesi-per-brianin"},"_links":{"self":[{"href":"https:\/\/jugulajm.net\/index.php?rest_route=\/wp\/v2\/posts\/66173","targetHints":{"allow":["GET"]}}],"collection":[{"href":"https:\/\/jugulajm.net\/index.php?rest_route=\/wp\/v2\/posts"}],"about":[{"href":"https:\/\/jugulajm.net\/index.php?rest_route=\/wp\/v2\/types\/post"}],"author":[{"embeddable":true,"href":"https:\/\/jugulajm.net\/index.php?rest_route=\/wp\/v2\/users\/5"}],"replies":[{"embeddable":true,"href":"https:\/\/jugulajm.net\/index.php?rest_route=%2Fwp%2Fv2%2Fcomments&post=66173"}],"version-history":[{"count":0,"href":"https:\/\/jugulajm.net\/index.php?rest_route=\/wp\/v2\/posts\/66173\/revisions"}],"wp:featuredmedia":[{"embeddable":true,"href":"https:\/\/jugulajm.net\/index.php?rest_route=\/wp\/v2\/media\/66174"}],"wp:attachment":[{"href":"https:\/\/jugulajm.net\/index.php?rest_route=%2Fwp%2Fv2%2Fmedia&parent=66173"}],"wp:term":[{"taxonomy":"category","embeddable":true,"href":"https:\/\/jugulajm.net\/index.php?rest_route=%2Fwp%2Fv2%2Fcategories&post=66173"},{"taxonomy":"post_tag","embeddable":true,"href":"https:\/\/jugulajm.net\/index.php?rest_route=%2Fwp%2Fv2%2Ftags&post=66173"}],"curies":[{"name":"wp","href":"https:\/\/api.w.org\/{rel}","templated":true}]}}