{"id":66156,"date":"2023-10-08T15:39:00","date_gmt":"2023-10-08T13:39:00","guid":{"rendered":"https:\/\/jugulajm.net\/?p=66156"},"modified":"2023-10-08T15:39:27","modified_gmt":"2023-10-08T13:39:27","slug":"emri-humb-jete-58-vjecari-u-rrezua-aksidentalisht","status":"publish","type":"post","link":"https:\/\/jugulajm.net\/?p=66156","title":{"rendered":"EMRI\/ Humb jet\u00ebn 58-vje\u00e7ari, u rr\u00ebzua aksidentalisht"},"content":{"rendered":"<p>Nj\u00eb 58- vje\u00e7ar ka humbur jet\u00ebn n\u00eb m\u00ebnyr\u00eb tragjike pasi \u00ebsht\u00eb rr\u00ebzuar aksidentalisht ne katin minus 1 t\u00eb i nj\u00eb pallati n\u00eb nd\u00ebrtim n\u00eb zon\u00ebn e 21 dhjetorit n\u00eb Tiran\u00eb.<\/p>\n<p>T\u00eb shtun\u00ebn m\u00eb 7 tetor, Tonin Marku, banues n\u00eb Kam\u00ebz u denoncua i humbur nga familjar\u00ebt e tij n\u00eb komisariatin num\u00ebr 2, pasi nuk ishte kthyer n\u00eb sht\u00ebpi.<\/p>\n<p>Policia konfirmoi se gjeti trupin e pajete t\u00eb 58- vje\u00e7arit, i cili m\u00ebsohet se ishte pun\u00ebtor n\u00eb pallatin q\u00eb po nd\u00ebrtohet n\u00eb zon\u00ebn e ish- fush\u00ebs s\u00eb aviacionit.<\/p>\n<p>Ngjarja sipas burimeve zyrtare te policis\u00eb po hetohet si aksident n\u00eb pun\u00eb.<\/p>\n","protected":false},"excerpt":{"rendered":"<p>Nj\u00eb 58- vje\u00e7ar ka humbur jet\u00ebn n\u00eb m\u00ebnyr\u00eb tragjike pasi \u00ebsht\u00eb rr\u00ebzuar aksidentalisht ne katin minus 1 t\u00eb i nj\u00eb pallati n\u00eb nd\u00ebrtim n\u00eb zon\u00ebn e 21 dhjetorit n\u00eb Tiran\u00eb. T\u00eb shtun\u00ebn m\u00eb 7 tetor, Tonin Marku, banues n\u00eb Kam\u00ebz u denoncua i humbur nga familjar\u00ebt e tij n\u00eb komisariatin num\u00ebr 2, pasi nuk ishte [&hellip;]<\/p>\n","protected":false},"author":5,"featured_media":54477,"comment_status":"closed","ping_status":"closed","sticky":false,"template":"","format":"standard","meta":{"footnotes":""},"categories":[1,6332],"tags":[26821,26822],"class_list":{"0":"post-66156","1":"post","2":"type-post","3":"status-publish","4":"format-standard","5":"has-post-thumbnail","7":"category-aktualitet","8":"category-te-fundit","9":"tag-emri-humb-jete-58-vjecari","10":"tag-u-rrezua-aksidentalisht"},"_links":{"self":[{"href":"https:\/\/jugulajm.net\/index.php?rest_route=\/wp\/v2\/posts\/66156","targetHints":{"allow":["GET"]}}],"collection":[{"href":"https:\/\/jugulajm.net\/index.php?rest_route=\/wp\/v2\/posts"}],"about":[{"href":"https:\/\/jugulajm.net\/index.php?rest_route=\/wp\/v2\/types\/post"}],"author":[{"embeddable":true,"href":"https:\/\/jugulajm.net\/index.php?rest_route=\/wp\/v2\/users\/5"}],"replies":[{"embeddable":true,"href":"https:\/\/jugulajm.net\/index.php?rest_route=%2Fwp%2Fv2%2Fcomments&post=66156"}],"version-history":[{"count":0,"href":"https:\/\/jugulajm.net\/index.php?rest_route=\/wp\/v2\/posts\/66156\/revisions"}],"wp:featuredmedia":[{"embeddable":true,"href":"https:\/\/jugulajm.net\/index.php?rest_route=\/wp\/v2\/media\/54477"}],"wp:attachment":[{"href":"https:\/\/jugulajm.net\/index.php?rest_route=%2Fwp%2Fv2%2Fmedia&parent=66156"}],"wp:term":[{"taxonomy":"category","embeddable":true,"href":"https:\/\/jugulajm.net\/index.php?rest_route=%2Fwp%2Fv2%2Fcategories&post=66156"},{"taxonomy":"post_tag","embeddable":true,"href":"https:\/\/jugulajm.net\/index.php?rest_route=%2Fwp%2Fv2%2Ftags&post=66156"}],"curies":[{"name":"wp","href":"https:\/\/api.w.org\/{rel}","templated":true}]}}