{"id":66151,"date":"2023-10-08T14:22:50","date_gmt":"2023-10-08T12:22:50","guid":{"rendered":"https:\/\/jugulajm.net\/?p=66151"},"modified":"2023-10-08T14:25:17","modified_gmt":"2023-10-08T12:25:17","slug":"foto-perkujtohet-75-vjetori-i-kryengritjes-se-zhapokikes-kryebashkiaku-malaj-mban-premtimin-inagurohet-monumenti","status":"publish","type":"post","link":"https:\/\/jugulajm.net\/?p=66151","title":{"rendered":"FOTO\/ P\u00ebrkujtohet 75 vjetori i kryengritjes s\u00eb Zhapokik\u00ebs, kryebashkiaku Malaj mban premtimin, inagurohet monumenti"},"content":{"rendered":"<div dir=\"auto\">\n<p>U p\u00ebrkujtua sot kryengritja e Zhapokik\u00ebs.<\/p>\n<p>L\u00ebvizja e armatosur e Zhapokik\u00ebs n\u00eb 8 tetor 1948, ishte nj\u00eb kryengritje antikomuniste e banor\u00ebve t\u00eb zon\u00ebs ndaj qeverisjes komuniste dhe p\u00ebrpjekje e qart\u00eb kund\u00ebr regjimit diktatorial.<\/p>\n<p>Ka qene ky aktivitet, qe ka bere bashke deputetin demokrat te Qarkut Gjirokaster, Tritan Shehu, kryebashkiakun e Memaliajt, Albert Malaj, si dhe pjestare dhe qytetare te tjere ne ceremonine inaguruese te monumentit perkujtimor te kesaj kryengritje.<\/p>\n<p>Per kete ngjarje ka reaguar permes nje postimi ne fb deputeti i PD-se, Qarku Gjirokaster, Tritan Shehu.<\/p>\n<p><strong>Ja postimi i Shehut:<\/strong><\/p>\n<\/div>\n<div dir=\"auto\">75 vjet nga kryengritja e Zhapokikes!<\/div>\n<div dir=\"auto\">Kryengritja e Zhapokike-Luftinje- Kamcisht, ngel nje nga ngjarjet historike me te rendesishme te rezistences ndaj diktatures.<\/div>\n<div dir=\"auto\">Sot ne Zhapokike te Memaliajt u inaugurua monumenti ne nder e kujtim te atyre martireve, qe dhane jeten per demokraci, u burgosen, u internuan, familjeve te tyre, qe u persekutuan nga rregjimi.<\/div>\n<div dir=\"auto\">Ishte nje inisiative e Kryetarit te Bashkise, Z. Albert Malaj, qe permbushi nje detyrim te tille madhor.<\/div>\n<div dir=\"auto\">Pikerisht sot ne kete pervjetor kaq te rendesishem, ne prani te shume familjareve te atyre luftetareve per liri, qytetareve etj.<img decoding=\"async\" src=\"https:\/\/scontent.ftia14-1.fna.fbcdn.net\/v\/t39.30808-6\/384578460_3616619088575063_5725989763498867140_n.jpg?stp=cp6_dst-jpg&amp;_nc_cat=108&amp;ccb=1-7&amp;_nc_sid=5614bc&amp;_nc_ohc=p5OCkKjM6X0AX8X5Zi-&amp;_nc_ht=scontent.ftia14-1.fna&amp;oh=00_AfBDbCOzbSZUmZBVaT1OSNnFuR6oD8UenQK24vSp4MMtfw&amp;oe=65285F7E\" alt=\"Mund t\u00eb jet\u00eb nj\u00eb imazh i 1 person, monument dhe teksti\" \/><img decoding=\"async\" src=\"https:\/\/scontent.ftia14-1.fna.fbcdn.net\/v\/t39.30808-6\/386093488_3616619138575058_6097669572915343721_n.jpg?stp=cp6_dst-jpg&amp;_nc_cat=108&amp;ccb=1-7&amp;_nc_sid=5614bc&amp;_nc_ohc=pf-POfQ7dxUAX87eu2D&amp;_nc_ht=scontent.ftia14-1.fna&amp;oh=00_AfB-rggT2WdjaHex4HDtaEeyKqObljBWFFXiVfHUZ9RVYQ&amp;oe=65279451\" alt=\"Mund t\u00eb jet\u00eb nj\u00eb imazh i 14 persona\" \/><img decoding=\"async\" src=\"https:\/\/scontent.ftia14-1.fna.fbcdn.net\/v\/t39.30808-6\/368262908_3616619078575064_2420092285838481871_n.jpg?stp=cp6_dst-jpg&amp;_nc_cat=109&amp;ccb=1-7&amp;_nc_sid=5614bc&amp;_nc_ohc=4SNs7TRRlJ8AX8s0Xwl&amp;_nc_ht=scontent.ftia14-1.fna&amp;oh=00_AfArljlByyT6b77Zy5QiPU1FoEIgvfWSSqf0hrTIlyMRxA&amp;oe=6527D7AA\" alt=\"Mund t\u00eb jet\u00eb nj\u00eb imazh i 9 persona dhe teksti\" \/><img decoding=\"async\" src=\"https:\/\/scontent.ftia14-1.fna.fbcdn.net\/v\/t39.30808-6\/386098071_3616618791908426_511915064378522058_n.jpg?stp=cp6_dst-jpg&amp;_nc_cat=110&amp;ccb=1-7&amp;_nc_sid=5614bc&amp;_nc_ohc=iMBd5UeAL2UAX-C93KA&amp;_nc_ht=scontent.ftia14-1.fna&amp;oh=00_AfCeYjKLqOwE-dOr3G_5ASeU5Ts0s3lH0xSmW-rlMFCCkw&amp;oe=65277320\" alt=\"Mund t\u00eb jet\u00eb nj\u00eb imazh i 11 persona\" \/><img decoding=\"async\" src=\"https:\/\/scontent.ftia14-1.fna.fbcdn.net\/v\/t39.30808-6\/386086976_3616618998575072_4294634424525425561_n.jpg?stp=cp6_dst-jpg&amp;_nc_cat=103&amp;ccb=1-7&amp;_nc_sid=5614bc&amp;_nc_ohc=EzZ4gJV9QxUAX8flUsj&amp;_nc_ht=scontent.ftia14-1.fna&amp;oh=00_AfCyQgniGumOd8HimeyHdf-xENtePxPVFQw5qUoiKJlXMQ&amp;oe=65287A29\" alt=\"Mund t\u00eb jet\u00eb nj\u00eb imazh i 7 persona, Varri i Ushtarit t\u00eb Panjohur dhe teksti\" \/><img decoding=\"async\" src=\"https:\/\/scontent.ftia14-1.fna.fbcdn.net\/v\/t39.30808-6\/386086947_3616618951908410_4121758895155134743_n.jpg?stp=cp6_dst-jpg&amp;_nc_cat=101&amp;ccb=1-7&amp;_nc_sid=5614bc&amp;_nc_ohc=dcoS96wgg4IAX9Drgn6&amp;_nc_ht=scontent.ftia14-1.fna&amp;oh=00_AfDovSm75Y1jG3X9ilRm6j9JKNNbnNXVJNHRLAgxmKQgLA&amp;oe=6527F0E1\" alt=\"Mund t\u00eb jet\u00eb nj\u00eb imazh i 4 persona, monument dhe teksti\" \/><img decoding=\"async\" src=\"https:\/\/scontent.ftia14-1.fna.fbcdn.net\/v\/t39.30808-6\/386089334_3616619151908390_6319611930093557102_n.jpg?_nc_cat=100&amp;ccb=1-7&amp;_nc_sid=5614bc&amp;_nc_ohc=cMfKnB51djoAX-kEGUL&amp;_nc_ht=scontent.ftia14-1.fna&amp;oh=00_AfC4H7QlT8GZdyJuZfavTso_HcEEnmTnRbZpCTitEDH-pw&amp;oe=652773B2\" alt=\"Mund t\u00eb jet\u00eb nj\u00eb imazh i 6 persona dhe teksti\" \/><img decoding=\"async\" src=\"https:\/\/scontent.ftia14-1.fna.fbcdn.net\/v\/t39.30808-6\/384574321_3616619128575059_5876994449634772078_n.jpg?_nc_cat=101&amp;ccb=1-7&amp;_nc_sid=5614bc&amp;_nc_ohc=3Wf5r31Oqo0AX-seVNH&amp;_nc_ht=scontent.ftia14-1.fna&amp;oh=00_AfCCV9SAKHI7z5DqWbzgjOCctLyKrCyQWLZ68gxHaD0ruQ&amp;oe=6527C56D\" alt=\"Mund t\u00eb jet\u00eb nj\u00eb imazh i 7 persona dhe teksti\" \/><\/div>\n","protected":false},"excerpt":{"rendered":"<p>U p\u00ebrkujtua sot kryengritja e Zhapokik\u00ebs. L\u00ebvizja e armatosur e Zhapokik\u00ebs n\u00eb 8 tetor 1948, ishte nj\u00eb kryengritje antikomuniste e banor\u00ebve t\u00eb zon\u00ebs ndaj qeverisjes komuniste dhe p\u00ebrpjekje e qart\u00eb kund\u00ebr regjimit diktatorial. Ka qene ky aktivitet, qe ka bere bashke deputetin demokrat te Qarkut Gjirokaster, Tritan Shehu, kryebashkiakun e Memaliajt, Albert Malaj, si dhe [&hellip;]<\/p>\n","protected":false},"author":5,"featured_media":66152,"comment_status":"closed","ping_status":"closed","sticky":false,"template":"","format":"standard","meta":{"footnotes":""},"categories":[1,6326,6332],"tags":[26820,26819,26818],"class_list":{"0":"post-66151","1":"post","2":"type-post","3":"status-publish","4":"format-standard","5":"has-post-thumbnail","7":"category-aktualitet","8":"category-politike","9":"category-te-fundit","10":"tag-inagurohet-monumenti","11":"tag-kryebashkiaku-malaj-mban-premtimin","12":"tag-perkujtohet-75-vjetori-i-kryengritjes-se-zhapokikes"},"_links":{"self":[{"href":"https:\/\/jugulajm.net\/index.php?rest_route=\/wp\/v2\/posts\/66151","targetHints":{"allow":["GET"]}}],"collection":[{"href":"https:\/\/jugulajm.net\/index.php?rest_route=\/wp\/v2\/posts"}],"about":[{"href":"https:\/\/jugulajm.net\/index.php?rest_route=\/wp\/v2\/types\/post"}],"author":[{"embeddable":true,"href":"https:\/\/jugulajm.net\/index.php?rest_route=\/wp\/v2\/users\/5"}],"replies":[{"embeddable":true,"href":"https:\/\/jugulajm.net\/index.php?rest_route=%2Fwp%2Fv2%2Fcomments&post=66151"}],"version-history":[{"count":0,"href":"https:\/\/jugulajm.net\/index.php?rest_route=\/wp\/v2\/posts\/66151\/revisions"}],"wp:featuredmedia":[{"embeddable":true,"href":"https:\/\/jugulajm.net\/index.php?rest_route=\/wp\/v2\/media\/66152"}],"wp:attachment":[{"href":"https:\/\/jugulajm.net\/index.php?rest_route=%2Fwp%2Fv2%2Fmedia&parent=66151"}],"wp:term":[{"taxonomy":"category","embeddable":true,"href":"https:\/\/jugulajm.net\/index.php?rest_route=%2Fwp%2Fv2%2Fcategories&post=66151"},{"taxonomy":"post_tag","embeddable":true,"href":"https:\/\/jugulajm.net\/index.php?rest_route=%2Fwp%2Fv2%2Ftags&post=66151"}],"curies":[{"name":"wp","href":"https:\/\/api.w.org\/{rel}","templated":true}]}}