{"id":66130,"date":"2023-10-07T22:55:57","date_gmt":"2023-10-07T20:55:57","guid":{"rendered":"https:\/\/jugulajm.net\/?p=66130"},"modified":"2023-10-07T22:55:57","modified_gmt":"2023-10-07T20:55:57","slug":"emri-foto-motori-del-nga-rruga-plagoset-rende-18-vjecari","status":"publish","type":"post","link":"https:\/\/jugulajm.net\/?p=66130","title":{"rendered":"EMRI-FOTO\/ Motori del nga rruga, plagoset r\u00ebnd\u00eb 18-vje\u00e7ari"},"content":{"rendered":"<p>Mbr\u00ebmjen e sotme \u00ebsht\u00eb regjistruar nj\u00eb aksident n\u00eb Dimal. M\u00ebsohet se nj\u00eb motor ka dal\u00eb nga rruga dhe ka p\u00ebrfunduar n\u00eb kanal.<\/p>\n<p>Si pasoj\u00eb \u00ebsht\u00eb plagosur 18-vje\u00e7ari, Marinel Kaja.<\/p>\n<p>Raportohet se gjendja e tij \u00ebsht\u00eb e r\u00ebnd\u00eb dhe \u00ebsht\u00eb transportuar spitalit t\u00eb Trum\u00ebs n\u00eb Tiran\u00eb p\u00ebr shkak t\u00eb plag\u00ebve n\u00eb kok\u00eb.<\/p>\n<p>Efektiv\u00ebt e policis\u00eb, q\u00eb kryen edhe k\u00ebqyrjen e vendit t\u00eb aksidentit, kan\u00eb konfirmuar se shkak \u00ebsht\u00eb b\u00ebr\u00eb shpejt\u00ebsia me t\u00eb cil\u00ebn qarkullonte moto\u00e7ikleta n\u00eb kthes\u00eb, ku edhe ka humbur kontrollin.<\/p>\n","protected":false},"excerpt":{"rendered":"<p>Mbr\u00ebmjen e sotme \u00ebsht\u00eb regjistruar nj\u00eb aksident n\u00eb Dimal. M\u00ebsohet se nj\u00eb motor ka dal\u00eb nga rruga dhe ka p\u00ebrfunduar n\u00eb kanal. Si pasoj\u00eb \u00ebsht\u00eb plagosur 18-vje\u00e7ari, Marinel Kaja. Raportohet se gjendja e tij \u00ebsht\u00eb e r\u00ebnd\u00eb dhe \u00ebsht\u00eb transportuar spitalit t\u00eb Trum\u00ebs n\u00eb Tiran\u00eb p\u00ebr shkak t\u00eb plag\u00ebve n\u00eb kok\u00eb. Efektiv\u00ebt e policis\u00eb, q\u00eb [&hellip;]<\/p>\n","protected":false},"author":5,"featured_media":66131,"comment_status":"closed","ping_status":"closed","sticky":false,"template":"","format":"standard","meta":{"footnotes":""},"categories":[1,6332],"tags":[26810,26811],"class_list":{"0":"post-66130","1":"post","2":"type-post","3":"status-publish","4":"format-standard","5":"has-post-thumbnail","7":"category-aktualitet","8":"category-te-fundit","9":"tag-emri-foto-motori-del-nga-rruga","10":"tag-plagoset-rende-18-vjecari"},"_links":{"self":[{"href":"https:\/\/jugulajm.net\/index.php?rest_route=\/wp\/v2\/posts\/66130","targetHints":{"allow":["GET"]}}],"collection":[{"href":"https:\/\/jugulajm.net\/index.php?rest_route=\/wp\/v2\/posts"}],"about":[{"href":"https:\/\/jugulajm.net\/index.php?rest_route=\/wp\/v2\/types\/post"}],"author":[{"embeddable":true,"href":"https:\/\/jugulajm.net\/index.php?rest_route=\/wp\/v2\/users\/5"}],"replies":[{"embeddable":true,"href":"https:\/\/jugulajm.net\/index.php?rest_route=%2Fwp%2Fv2%2Fcomments&post=66130"}],"version-history":[{"count":0,"href":"https:\/\/jugulajm.net\/index.php?rest_route=\/wp\/v2\/posts\/66130\/revisions"}],"wp:featuredmedia":[{"embeddable":true,"href":"https:\/\/jugulajm.net\/index.php?rest_route=\/wp\/v2\/media\/66131"}],"wp:attachment":[{"href":"https:\/\/jugulajm.net\/index.php?rest_route=%2Fwp%2Fv2%2Fmedia&parent=66130"}],"wp:term":[{"taxonomy":"category","embeddable":true,"href":"https:\/\/jugulajm.net\/index.php?rest_route=%2Fwp%2Fv2%2Fcategories&post=66130"},{"taxonomy":"post_tag","embeddable":true,"href":"https:\/\/jugulajm.net\/index.php?rest_route=%2Fwp%2Fv2%2Ftags&post=66130"}],"curies":[{"name":"wp","href":"https:\/\/api.w.org\/{rel}","templated":true}]}}