{"id":66089,"date":"2023-10-06T21:15:12","date_gmt":"2023-10-06T19:15:12","guid":{"rendered":"https:\/\/jugulajm.net\/?p=66089"},"modified":"2023-10-06T21:15:12","modified_gmt":"2023-10-06T19:15:12","slug":"arrestohet-21-vjecari-ishte-denuar-me-burg-pasi-dhunonte-prinderit","status":"publish","type":"post","link":"https:\/\/jugulajm.net\/?p=66089","title":{"rendered":"Arrestohet 21-vje\u00e7ari, ishte d\u00ebnuar me burg pasi dhunonte prind\u00ebrit"},"content":{"rendered":"<p>Nj\u00eb 21-vje\u00e7ar \u00ebsht\u00eb arrestuar sot nga sh\u00ebrbimet e Komisariatit t\u00eb Policis\u00eb Berat, pasi ishte shpallur n\u00eb k\u00ebrkim p\u00ebr vepr\u00ebn penale \u201cdhun\u00eb n\u00eb familje\u201d.<\/p>\n<p>M\u00ebsohet se n\u00eb pranga ka r\u00ebn\u00eb shtetasi E. M. i cili ishte d\u00ebnuar nga Gjykata e Shkall\u00ebs s\u00eb Par\u00eb Berat me 4-muaj burg n\u00eb 26 shtator 2023, pasi kishte ushtruar dhun\u00eb sistematike nga prind\u00ebrve t\u00eb tij.<\/p>\n<p>I riu u pikas nga policia n\u00eb banes\u00ebn e nj\u00eb t\u00eb af\u00ebrmi t\u00eb tij, ku edhe u arrestua nga punonj\u00ebsit e policis\u00eb, q\u00eb e transportuan n\u00eb IEPV Fier.<\/p>\n","protected":false},"excerpt":{"rendered":"<p>Nj\u00eb 21-vje\u00e7ar \u00ebsht\u00eb arrestuar sot nga sh\u00ebrbimet e Komisariatit t\u00eb Policis\u00eb Berat, pasi ishte shpallur n\u00eb k\u00ebrkim p\u00ebr vepr\u00ebn penale \u201cdhun\u00eb n\u00eb familje\u201d. M\u00ebsohet se n\u00eb pranga ka r\u00ebn\u00eb shtetasi E. M. i cili ishte d\u00ebnuar nga Gjykata e Shkall\u00ebs s\u00eb Par\u00eb Berat me 4-muaj burg n\u00eb 26 shtator 2023, pasi kishte ushtruar dhun\u00eb sistematike [&hellip;]<\/p>\n","protected":false},"author":5,"featured_media":54364,"comment_status":"closed","ping_status":"closed","sticky":false,"template":"","format":"standard","meta":{"footnotes":""},"categories":[1,6332],"tags":[13869,26785],"class_list":{"0":"post-66089","1":"post","2":"type-post","3":"status-publish","4":"format-standard","5":"has-post-thumbnail","7":"category-aktualitet","8":"category-te-fundit","9":"tag-arrestohet-21-vjecari","10":"tag-ishte-denuar-me-burg-pasi-dhunonte-prinderit"},"_links":{"self":[{"href":"https:\/\/jugulajm.net\/index.php?rest_route=\/wp\/v2\/posts\/66089","targetHints":{"allow":["GET"]}}],"collection":[{"href":"https:\/\/jugulajm.net\/index.php?rest_route=\/wp\/v2\/posts"}],"about":[{"href":"https:\/\/jugulajm.net\/index.php?rest_route=\/wp\/v2\/types\/post"}],"author":[{"embeddable":true,"href":"https:\/\/jugulajm.net\/index.php?rest_route=\/wp\/v2\/users\/5"}],"replies":[{"embeddable":true,"href":"https:\/\/jugulajm.net\/index.php?rest_route=%2Fwp%2Fv2%2Fcomments&post=66089"}],"version-history":[{"count":0,"href":"https:\/\/jugulajm.net\/index.php?rest_route=\/wp\/v2\/posts\/66089\/revisions"}],"wp:featuredmedia":[{"embeddable":true,"href":"https:\/\/jugulajm.net\/index.php?rest_route=\/wp\/v2\/media\/54364"}],"wp:attachment":[{"href":"https:\/\/jugulajm.net\/index.php?rest_route=%2Fwp%2Fv2%2Fmedia&parent=66089"}],"wp:term":[{"taxonomy":"category","embeddable":true,"href":"https:\/\/jugulajm.net\/index.php?rest_route=%2Fwp%2Fv2%2Fcategories&post=66089"},{"taxonomy":"post_tag","embeddable":true,"href":"https:\/\/jugulajm.net\/index.php?rest_route=%2Fwp%2Fv2%2Ftags&post=66089"}],"curies":[{"name":"wp","href":"https:\/\/api.w.org\/{rel}","templated":true}]}}