{"id":66068,"date":"2023-10-06T13:34:27","date_gmt":"2023-10-06T11:34:27","guid":{"rendered":"https:\/\/jugulajm.net\/?p=66068"},"modified":"2023-10-06T13:35:28","modified_gmt":"2023-10-06T11:35:28","slug":"vdekja-e-3-vjecarit-flet-babai-e-futem-per-pastrim-gurezash-por-i-bene-14-dhembe","status":"publish","type":"post","link":"https:\/\/jugulajm.net\/?p=66068","title":{"rendered":"Vdekja e 3-vje\u00e7arit, flet i ati: E fut\u00ebm p\u00ebr pastrim gur\u00ebzash, por i b\u00ebn\u00eb 14 dh\u00ebmb\u00eb"},"content":{"rendered":"<p>Babai i Brianit, 3-vje\u00e7arit q\u00eb vdiq pas nd\u00ebrhyrjes dentare n\u00eb nj\u00eb klinik\u00eb private n\u00eb Tiran\u00eb, ka hedhur akuza ndaj mjekut Ronald Xhaxho duke th\u00ebn\u00eb se djali do t\u00eb b\u00ebnte vet\u00ebm pastrim gur\u00ebzash, por ai i b\u00ebri 14 dh\u00ebmb\u00eb.<\/p>\n<p>Baba i 3-vje\u00e7arit: \u201cDjali p\u00ebr her\u00eb t\u00eb par\u00eb n\u00eb klinik\u00eb ka shkelur vet\u00ebm dit\u00ebn e operacionit.<\/p>\n<p>Djali ka b\u00ebr\u00eb operacion para dy vitesh, kam diskutuar edhe me doktorin, kam marr\u00eb edhe let\u00ebr me vul\u00eb nga kardiopediatri, q\u00eb ndiqte Brianin.<\/p>\n<p>Mjeku m\u00eb tha q\u00eb nuk ka asnj\u00eb problem fare q\u00eb kishte b\u00ebr\u00eb operacion n\u00eb zem\u00ebr. E \u00e7ova p\u00ebr pastrim dh\u00ebmballe djalin at\u00eb dit\u00eb.<\/p>\n<p>Un\u00eb n\u00eb koh\u00ebn q\u00eb ky vazhdonte me nd\u00ebrhyrjet e kam pyetur disa her\u00eb p\u00ebr pastrimin e gur\u00ebzave.<\/p>\n<p>I kam th\u00ebn\u00eb \u201cmund t\u00eb b\u00ebjm\u00eb nj\u00eb dh\u00ebmb sot, nj\u00eb nes\u00ebr\u201d. M\u00eb ka th\u00ebn\u00eb \u201cjo sot\u201d. Kam shkuar me bashk\u00ebshorten, gjyshin e tij dhe daj\u00ebn e djalit. Nuk \u00ebsht\u00eb kuruar asnj\u00ebher\u00eb p\u00ebr infeksion n\u00eb goj\u00eb.<\/p>\n<p>\u00c7do 6 muaj b\u00ebnim analizat, n\u00eb dat\u00ebn 28 ai ka b\u00ebr\u00eb vet\u00eb analizat. Mjeku tha q\u00eb jan\u00eb n\u00eb rregull, vazhdojm\u00eb procedurat.<\/p>\n<p>Kam folur me Roland Xhaxhon dhe Ina Xhaxho. Ai m\u00eb tha q\u00eb do zgjaste operacioni maksimumi 3 or\u00eb.<\/p>\n<p>M\u00eb ka th\u00ebn\u00eb anestezi e gjeneruar, jo totale si\u00e7 thot\u00eb ai. Briani u fut rreth or\u00ebs 10:00 t\u00eb m\u00ebngjesit dhe ka dal\u00eb n\u00eb 19:00.<\/p>\n<p>I trokita tek dera disa her\u00eb than\u00eb vazhdon procedura. Briani \u00ebsht\u00eb shum\u00eb n\u00eb rregull tha mjeku, pas p\u00ebrfundimit t\u00eb nd\u00ebrhyrjes.<\/p>\n<p>Nuk \u00ebsht\u00eb e v\u00ebrtet\u00eb q\u00eb djali ka dal\u00eb duke qar\u00eb, ishte i p\u00ebrgjumur. E kishim l\u00ebn\u00eb p\u00ebr 1-2 dh\u00ebmb\u00eb, n\u00eb fund kur do b\u00ebnim pages\u00ebn na than\u00eb 14 dh\u00ebmb\u00eb.<\/p>\n<p>Mjekun e telefonova kur djalit filloi q\u00eb ti ngrihej temperatura. Nuk ia uli temperatur\u00ebn, e d\u00ebrgova n\u00eb reaminacion.\u201d<\/p>\n","protected":false},"excerpt":{"rendered":"<p>Babai i Brianit, 3-vje\u00e7arit q\u00eb vdiq pas nd\u00ebrhyrjes dentare n\u00eb nj\u00eb klinik\u00eb private n\u00eb Tiran\u00eb, ka hedhur akuza ndaj mjekut Ronald Xhaxho duke th\u00ebn\u00eb se djali do t\u00eb b\u00ebnte vet\u00ebm pastrim gur\u00ebzash, por ai i b\u00ebri 14 dh\u00ebmb\u00eb. Baba i 3-vje\u00e7arit: \u201cDjali p\u00ebr her\u00eb t\u00eb par\u00eb n\u00eb klinik\u00eb ka shkelur vet\u00ebm dit\u00ebn e operacionit. Djali [&hellip;]<\/p>\n","protected":false},"author":5,"featured_media":66069,"comment_status":"closed","ping_status":"closed","sticky":false,"template":"","format":"standard","meta":{"footnotes":""},"categories":[1,6332],"tags":[26773,26774,26772],"class_list":{"0":"post-66068","1":"post","2":"type-post","3":"status-publish","4":"format-standard","5":"has-post-thumbnail","7":"category-aktualitet","8":"category-te-fundit","9":"tag-babai-e-futem-per-pastrim-gurezash","10":"tag-por-i-bene-14-dhembe","11":"tag-vdekja-e-3-vjecarit"},"_links":{"self":[{"href":"https:\/\/jugulajm.net\/index.php?rest_route=\/wp\/v2\/posts\/66068","targetHints":{"allow":["GET"]}}],"collection":[{"href":"https:\/\/jugulajm.net\/index.php?rest_route=\/wp\/v2\/posts"}],"about":[{"href":"https:\/\/jugulajm.net\/index.php?rest_route=\/wp\/v2\/types\/post"}],"author":[{"embeddable":true,"href":"https:\/\/jugulajm.net\/index.php?rest_route=\/wp\/v2\/users\/5"}],"replies":[{"embeddable":true,"href":"https:\/\/jugulajm.net\/index.php?rest_route=%2Fwp%2Fv2%2Fcomments&post=66068"}],"version-history":[{"count":0,"href":"https:\/\/jugulajm.net\/index.php?rest_route=\/wp\/v2\/posts\/66068\/revisions"}],"wp:featuredmedia":[{"embeddable":true,"href":"https:\/\/jugulajm.net\/index.php?rest_route=\/wp\/v2\/media\/66069"}],"wp:attachment":[{"href":"https:\/\/jugulajm.net\/index.php?rest_route=%2Fwp%2Fv2%2Fmedia&parent=66068"}],"wp:term":[{"taxonomy":"category","embeddable":true,"href":"https:\/\/jugulajm.net\/index.php?rest_route=%2Fwp%2Fv2%2Fcategories&post=66068"},{"taxonomy":"post_tag","embeddable":true,"href":"https:\/\/jugulajm.net\/index.php?rest_route=%2Fwp%2Fv2%2Ftags&post=66068"}],"curies":[{"name":"wp","href":"https:\/\/api.w.org\/{rel}","templated":true}]}}