{"id":66066,"date":"2023-10-06T12:34:15","date_gmt":"2023-10-06T10:34:15","guid":{"rendered":"https:\/\/jugulajm.net\/?p=66066"},"modified":"2023-10-06T12:34:15","modified_gmt":"2023-10-06T10:34:15","slug":"emrat-silvinjo-shpall-listen-per-ndeshjen-me-cekine","status":"publish","type":"post","link":"https:\/\/jugulajm.net\/?p=66066","title":{"rendered":"EMRAT\/ Silvinjo shpall list\u00ebn p\u00ebr ndeshjen me \u00c7ekin\u00eb"},"content":{"rendered":"<p>Silvinjo ka publikuar list\u00ebn e lojtar\u00ebve q\u00eb jan\u00eb grumbulluar p\u00ebr sfid\u00ebn me Republik\u00ebn \u00c7eke, e vlefshme p\u00ebr kualifikueset e Europianit \u201cGjermani 2024\u201d. Takimi, i\u00a0 cili do t\u00eb luhet t\u00eb enjten e 12 tetorit n\u00eb \u201cAir Albania\u201d, do t\u00eb jet\u00eb nj\u00eb &#8220;finale&#8221; p\u00ebr t\u00eb besuarit e brazilianit pasi me nj\u00eb fitore finalet e &#8220;Euro 2024&#8221; nuk do t\u00eb jen\u00eb m\u00eb nj\u00eb \u00ebnd\u00ebrr.<\/p>\n<p>Pes\u00eb dit\u00eb m\u00eb von\u00eb Shqip\u00ebria luan p\u00ebrs\u00ebri n\u00eb Tiran\u00eb p\u00ebrball\u00eb Bullgaris\u00eb, por k\u00ebsaj rradhe p\u00ebr nj\u00eb test miq\u00ebsor. Braziliani do t\u00eb ket\u00eb mund\u00ebsin\u00eb t\u00eb eksperimentoj\u00eb dhe t\u00eb provoj\u00eb ide t\u00eb reja ndaj fqinjve ballkanas.<\/p>\n<p>FSHF ka publikuar edhe list\u00ebn e p\u00ebrzgjedhur nga trajneri Silvinjo i cili vjen me ndryshime teksa Arbnor Mu\u00e7olli dhe Armando Broja rikthehen me fanell\u00ebn kuqezi.<\/p>\n<p><img loading=\"lazy\" loading=\"lazy\" decoding=\"async\" src=\"https:\/\/rtsh-sport.s3.eu-central-1.amazonaws.com\/2023\/10\/5669ef7b398f4e29bb1fef3fef24f6a4.jpg\" alt=\"\" width=\"321\" height=\"402\" \/><\/p>\n","protected":false},"excerpt":{"rendered":"<p>Silvinjo ka publikuar list\u00ebn e lojtar\u00ebve q\u00eb jan\u00eb grumbulluar p\u00ebr sfid\u00ebn me Republik\u00ebn \u00c7eke, e vlefshme p\u00ebr kualifikueset e Europianit \u201cGjermani 2024\u201d. Takimi, i\u00a0 cili do t\u00eb luhet t\u00eb enjten e 12 tetorit n\u00eb \u201cAir Albania\u201d, do t\u00eb jet\u00eb nj\u00eb &#8220;finale&#8221; p\u00ebr t\u00eb besuarit e brazilianit pasi me nj\u00eb fitore finalet e &#8220;Euro 2024&#8221; nuk [&hellip;]<\/p>\n","protected":false},"author":5,"featured_media":54507,"comment_status":"closed","ping_status":"closed","sticky":false,"template":"","format":"standard","meta":{"footnotes":""},"categories":[6334,6332],"tags":[26771],"class_list":{"0":"post-66066","1":"post","2":"type-post","3":"status-publish","4":"format-standard","5":"has-post-thumbnail","7":"category-sport","8":"category-te-fundit","9":"tag-emrat-silvinjo-shpall-listen-per-ndeshjen-me-cekine"},"_links":{"self":[{"href":"https:\/\/jugulajm.net\/index.php?rest_route=\/wp\/v2\/posts\/66066","targetHints":{"allow":["GET"]}}],"collection":[{"href":"https:\/\/jugulajm.net\/index.php?rest_route=\/wp\/v2\/posts"}],"about":[{"href":"https:\/\/jugulajm.net\/index.php?rest_route=\/wp\/v2\/types\/post"}],"author":[{"embeddable":true,"href":"https:\/\/jugulajm.net\/index.php?rest_route=\/wp\/v2\/users\/5"}],"replies":[{"embeddable":true,"href":"https:\/\/jugulajm.net\/index.php?rest_route=%2Fwp%2Fv2%2Fcomments&post=66066"}],"version-history":[{"count":0,"href":"https:\/\/jugulajm.net\/index.php?rest_route=\/wp\/v2\/posts\/66066\/revisions"}],"wp:featuredmedia":[{"embeddable":true,"href":"https:\/\/jugulajm.net\/index.php?rest_route=\/wp\/v2\/media\/54507"}],"wp:attachment":[{"href":"https:\/\/jugulajm.net\/index.php?rest_route=%2Fwp%2Fv2%2Fmedia&parent=66066"}],"wp:term":[{"taxonomy":"category","embeddable":true,"href":"https:\/\/jugulajm.net\/index.php?rest_route=%2Fwp%2Fv2%2Fcategories&post=66066"},{"taxonomy":"post_tag","embeddable":true,"href":"https:\/\/jugulajm.net\/index.php?rest_route=%2Fwp%2Fv2%2Ftags&post=66066"}],"curies":[{"name":"wp","href":"https:\/\/api.w.org\/{rel}","templated":true}]}}