{"id":66047,"date":"2023-10-05T20:06:17","date_gmt":"2023-10-05T18:06:17","guid":{"rendered":"https:\/\/jugulajm.net\/?p=66047"},"modified":"2023-10-05T20:06:49","modified_gmt":"2023-10-05T18:06:49","slug":"nderron-jete-29-vjecari-u-vetehodh-nga-ballkoni","status":"publish","type":"post","link":"https:\/\/jugulajm.net\/?p=66047","title":{"rendered":"Nd\u00ebrron jet\u00eb 29-vje\u00e7ari, u vet\u00ebhodh nga ballkoni"},"content":{"rendered":"<div class=\"jeg_share_button share-float jeg_sticky_share clearfix share-normal\">\n<div class=\"jegStickyHolder\">\n<div class=\"theiaStickySidebar\">\n<div class=\"jeg_share_float_container\"><\/div>\n<\/div>\n<\/div>\n<\/div>\n<div class=\"content-inner \">\n<p>Nj\u00eb 29-vje\u00e7ar \u00ebsht\u00eb vet\u00ebhedhur nga ballkoni i banes\u00ebs s\u00eb tij n\u00eb Pogradec.<\/p>\n<p>M.M ishte banues n\u00eb fshatin Trebinj\u00eb n\u00eb Pogradec. Si pasoj\u00eb e plag\u00ebve t\u00eb marra ka nd\u00ebrruar jet\u00eb rrug\u00ebs p\u00ebr n\u00eb spital.<\/p>\n<p>29-vje\u00e7ari vuante nga problemet e sh\u00ebndetit mendor. Para 4 dit\u00ebsh ai sapo kishte dal\u00eb nga spitali i Elbasanit.<\/p>\n<p><strong>Njoftimi i Policis\u00eb:<\/strong><\/p>\n<p><em>Pogradec\/Informacion paraprak<\/em><\/p>\n<p><em>Mbr\u00ebmjen e sotme, n\u00eb fshatin Trebinj\u00eb, Pogradec, dyshohet se \u00ebsht\u00eb vet\u00ebhedhur nga ballkoni i katit t\u00eb dyt\u00eb t\u00eb banes\u00ebs s\u00eb tij, shtetasi M. M., rreth 29 vje\u00e7, i cili p\u00ebr pasoj\u00eb ka nd\u00ebrruar jet\u00eb gjat\u00eb transportimit p\u00ebr n\u00eb spitalin e Pogradecit.<\/em><\/p>\n<p><em>Nga t\u00eb dh\u00ebnat paraprake dyshohet se ky shtetas vuante nga probleme t\u00eb sh\u00ebndetit mendor.<\/em><\/p>\n<p><em>Grupi hetimor po punon p\u00ebr sqarimin e rrethanave t\u00eb ngjarjes.<\/em><\/p>\n<\/div>\n","protected":false},"excerpt":{"rendered":"<p>Nj\u00eb 29-vje\u00e7ar \u00ebsht\u00eb vet\u00ebhedhur nga ballkoni i banes\u00ebs s\u00eb tij n\u00eb Pogradec. M.M ishte banues n\u00eb fshatin Trebinj\u00eb n\u00eb Pogradec. Si pasoj\u00eb e plag\u00ebve t\u00eb marra ka nd\u00ebrruar jet\u00eb rrug\u00ebs p\u00ebr n\u00eb spital. 29-vje\u00e7ari vuante nga problemet e sh\u00ebndetit mendor. Para 4 dit\u00ebsh ai sapo kishte dal\u00eb nga spitali i Elbasanit. Njoftimi i Policis\u00eb: Pogradec\/Informacion [&hellip;]<\/p>\n","protected":false},"author":5,"featured_media":47878,"comment_status":"closed","ping_status":"closed","sticky":false,"template":"","format":"standard","meta":{"footnotes":""},"categories":[1,6332],"tags":[26761,26762],"class_list":{"0":"post-66047","1":"post","2":"type-post","3":"status-publish","4":"format-standard","5":"has-post-thumbnail","7":"category-aktualitet","8":"category-te-fundit","9":"tag-nderron-jete-29-vjecari","10":"tag-u-vetehodh-nga-ballkoni"},"_links":{"self":[{"href":"https:\/\/jugulajm.net\/index.php?rest_route=\/wp\/v2\/posts\/66047","targetHints":{"allow":["GET"]}}],"collection":[{"href":"https:\/\/jugulajm.net\/index.php?rest_route=\/wp\/v2\/posts"}],"about":[{"href":"https:\/\/jugulajm.net\/index.php?rest_route=\/wp\/v2\/types\/post"}],"author":[{"embeddable":true,"href":"https:\/\/jugulajm.net\/index.php?rest_route=\/wp\/v2\/users\/5"}],"replies":[{"embeddable":true,"href":"https:\/\/jugulajm.net\/index.php?rest_route=%2Fwp%2Fv2%2Fcomments&post=66047"}],"version-history":[{"count":0,"href":"https:\/\/jugulajm.net\/index.php?rest_route=\/wp\/v2\/posts\/66047\/revisions"}],"wp:featuredmedia":[{"embeddable":true,"href":"https:\/\/jugulajm.net\/index.php?rest_route=\/wp\/v2\/media\/47878"}],"wp:attachment":[{"href":"https:\/\/jugulajm.net\/index.php?rest_route=%2Fwp%2Fv2%2Fmedia&parent=66047"}],"wp:term":[{"taxonomy":"category","embeddable":true,"href":"https:\/\/jugulajm.net\/index.php?rest_route=%2Fwp%2Fv2%2Fcategories&post=66047"},{"taxonomy":"post_tag","embeddable":true,"href":"https:\/\/jugulajm.net\/index.php?rest_route=%2Fwp%2Fv2%2Ftags&post=66047"}],"curies":[{"name":"wp","href":"https:\/\/api.w.org\/{rel}","templated":true}]}}