{"id":65993,"date":"2023-10-04T19:00:50","date_gmt":"2023-10-04T17:00:50","guid":{"rendered":"https:\/\/jugulajm.net\/?p=65993"},"modified":"2023-10-04T19:00:50","modified_gmt":"2023-10-04T17:00:50","slug":"shpallet-ne-kerkim-27-vjecari-ofendoi-me-koment-ne-fb-31-vjecaren","status":"publish","type":"post","link":"https:\/\/jugulajm.net\/?p=65993","title":{"rendered":"Shpallet n\u00eb k\u00ebrkim 27-vje\u00e7ari, ofendoi me koment n\u00ea fb 31-vje\u00e7aren"},"content":{"rendered":"<p>\u00cbsht\u00eb shpallur n\u00eb k\u00ebrkim 27-vje\u00e7ari me iniciale E.K., banues n\u00eb Belsh, i cili n\u00ebp\u00ebrmjet rrjeteve sociale ka fyer nj\u00eb 31-vje\u00e7are.<\/p>\n<p>N\u00eb lidhje me rastin, specialist\u00ebt p\u00ebr Hetimin e Krimeve Kibernetike kan\u00eb referuar materiale n\u00eb Prokurori.<\/p>\n<p>Materialet procedurale i kaluan Prokuroris\u00eb pran\u00eb Gjykat\u00ebs s\u00eb Shkall\u00ebs s\u00eb Par\u00eb t\u00eb Juridiksionit t\u00eb P\u00ebrgjithsh\u00ebm Elbasan, p\u00ebr veprime t\u00eb m\u00ebtejshme.<\/p>\n","protected":false},"excerpt":{"rendered":"<p>\u00cbsht\u00eb shpallur n\u00eb k\u00ebrkim 27-vje\u00e7ari me iniciale E.K., banues n\u00eb Belsh, i cili n\u00ebp\u00ebrmjet rrjeteve sociale ka fyer nj\u00eb 31-vje\u00e7are. N\u00eb lidhje me rastin, specialist\u00ebt p\u00ebr Hetimin e Krimeve Kibernetike kan\u00eb referuar materiale n\u00eb Prokurori. Materialet procedurale i kaluan Prokuroris\u00eb pran\u00eb Gjykat\u00ebs s\u00eb Shkall\u00ebs s\u00eb Par\u00eb t\u00eb Juridiksionit t\u00eb P\u00ebrgjithsh\u00ebm Elbasan, p\u00ebr veprime t\u00eb m\u00ebtejshme.<\/p>\n","protected":false},"author":5,"featured_media":52033,"comment_status":"closed","ping_status":"closed","sticky":false,"template":"","format":"standard","meta":{"footnotes":""},"categories":[1,6332],"tags":[26733,21941],"class_list":{"0":"post-65993","1":"post","2":"type-post","3":"status-publish","4":"format-standard","5":"has-post-thumbnail","7":"category-aktualitet","8":"category-te-fundit","9":"tag-ofendoi-me-koment-ne-fb-31-vjecaren","10":"tag-shpallet-ne-kerkim-27-vjecari"},"_links":{"self":[{"href":"https:\/\/jugulajm.net\/index.php?rest_route=\/wp\/v2\/posts\/65993","targetHints":{"allow":["GET"]}}],"collection":[{"href":"https:\/\/jugulajm.net\/index.php?rest_route=\/wp\/v2\/posts"}],"about":[{"href":"https:\/\/jugulajm.net\/index.php?rest_route=\/wp\/v2\/types\/post"}],"author":[{"embeddable":true,"href":"https:\/\/jugulajm.net\/index.php?rest_route=\/wp\/v2\/users\/5"}],"replies":[{"embeddable":true,"href":"https:\/\/jugulajm.net\/index.php?rest_route=%2Fwp%2Fv2%2Fcomments&post=65993"}],"version-history":[{"count":0,"href":"https:\/\/jugulajm.net\/index.php?rest_route=\/wp\/v2\/posts\/65993\/revisions"}],"wp:featuredmedia":[{"embeddable":true,"href":"https:\/\/jugulajm.net\/index.php?rest_route=\/wp\/v2\/media\/52033"}],"wp:attachment":[{"href":"https:\/\/jugulajm.net\/index.php?rest_route=%2Fwp%2Fv2%2Fmedia&parent=65993"}],"wp:term":[{"taxonomy":"category","embeddable":true,"href":"https:\/\/jugulajm.net\/index.php?rest_route=%2Fwp%2Fv2%2Fcategories&post=65993"},{"taxonomy":"post_tag","embeddable":true,"href":"https:\/\/jugulajm.net\/index.php?rest_route=%2Fwp%2Fv2%2Ftags&post=65993"}],"curies":[{"name":"wp","href":"https:\/\/api.w.org\/{rel}","templated":true}]}}