{"id":65938,"date":"2023-10-03T16:28:35","date_gmt":"2023-10-03T14:28:35","guid":{"rendered":"https:\/\/jugulajm.net\/?p=65938"},"modified":"2023-10-03T16:28:35","modified_gmt":"2023-10-03T14:28:35","slug":"lajm-i-fundit-emri-55-vjecari-var-veten-ne-kasollen-e-bagetive","status":"publish","type":"post","link":"https:\/\/jugulajm.net\/?p=65938","title":{"rendered":"LAJM I FUNDIT!! (EMRI) 55-vje\u00e7ari var veten n\u00eb kasollen e bag\u00ebtive"},"content":{"rendered":"<p>Var veten n\u00eb kasollen e bag\u00ebtive 55-vje\u00e7ari nga Skrapari Veri Zaimi. Ngjarja ka ndodhur n\u00eb lagjen Usti, n\u00eb fshatin Val\u00eb.<\/p>\n<p>M\u00ebsohet se viktima vuante nga probleme t\u00eb sh\u00ebndetit mendor.<\/p>\n<p>Nj\u00eb 55-vje\u00e7ar nga fshati Val\u00eb n\u00eb Skrapar i ka dh\u00ebn\u00eb fund jet\u00ebs, duke u vet\u00ebvarur me litar.<\/p>\n<p>M\u00ebsohet se Veri Zaimi kishte lidhur nj\u00eb litar n\u00eb pem\u00ebn e ullirit, ngjitur me kasollen e bag\u00ebtive dhe m\u00eb pas kishte varur veten.<\/p>\n<p>Pasi nuk ishte kthyer n\u00eb sht\u00ebpi, familjar\u00ebt kishin filluar ta k\u00ebrkonin dhe ka q\u00ebn\u00eb bashk\u00ebshortja e tij ajo q\u00eb e ka gjetur t\u00eb varur me litar dhe m\u00eb pas ka njoftuar policin\u00eb.<\/p>\n<p>Menj\u00ebher\u00eb n\u00eb vendngjarje kan\u00eb shkuar efektiv\u00eb t\u00eb shumt\u00eb policie, q\u00eb pasi kan\u00eb kryer kqyrjen e vendngjarjes kan\u00eb konfirmuar se n\u00eb trupin e viktim\u00ebs nuk ka pasur shenja dhune.<\/p>\n<p>Trupi i pajet\u00eb i Zaimit \u00ebsht\u00eb transportuar drejt morgut t\u00eb Spitalit Rajonal Berat, nd\u00ebrkoh\u00eb q\u00eb policia konfirmon se 55-vje\u00e7ari vuante nga probleme t\u00eb sh\u00ebndetit mendor.<\/p>\n","protected":false},"excerpt":{"rendered":"<p>Var veten n\u00eb kasollen e bag\u00ebtive 55-vje\u00e7ari nga Skrapari Veri Zaimi. Ngjarja ka ndodhur n\u00eb lagjen Usti, n\u00eb fshatin Val\u00eb. M\u00ebsohet se viktima vuante nga probleme t\u00eb sh\u00ebndetit mendor. Nj\u00eb 55-vje\u00e7ar nga fshati Val\u00eb n\u00eb Skrapar i ka dh\u00ebn\u00eb fund jet\u00ebs, duke u vet\u00ebvarur me litar. M\u00ebsohet se Veri Zaimi kishte lidhur nj\u00eb litar n\u00eb [&hellip;]<\/p>\n","protected":false},"author":5,"featured_media":55168,"comment_status":"closed","ping_status":"closed","sticky":false,"template":"","format":"standard","meta":{"footnotes":""},"categories":[1,6332],"tags":[26700],"class_list":{"0":"post-65938","1":"post","2":"type-post","3":"status-publish","4":"format-standard","5":"has-post-thumbnail","7":"category-aktualitet","8":"category-te-fundit","9":"tag-lajm-i-fundit-emri-55-vjecari-var-veten-ne-kasollen-e-bagetive"},"_links":{"self":[{"href":"https:\/\/jugulajm.net\/index.php?rest_route=\/wp\/v2\/posts\/65938","targetHints":{"allow":["GET"]}}],"collection":[{"href":"https:\/\/jugulajm.net\/index.php?rest_route=\/wp\/v2\/posts"}],"about":[{"href":"https:\/\/jugulajm.net\/index.php?rest_route=\/wp\/v2\/types\/post"}],"author":[{"embeddable":true,"href":"https:\/\/jugulajm.net\/index.php?rest_route=\/wp\/v2\/users\/5"}],"replies":[{"embeddable":true,"href":"https:\/\/jugulajm.net\/index.php?rest_route=%2Fwp%2Fv2%2Fcomments&post=65938"}],"version-history":[{"count":0,"href":"https:\/\/jugulajm.net\/index.php?rest_route=\/wp\/v2\/posts\/65938\/revisions"}],"wp:featuredmedia":[{"embeddable":true,"href":"https:\/\/jugulajm.net\/index.php?rest_route=\/wp\/v2\/media\/55168"}],"wp:attachment":[{"href":"https:\/\/jugulajm.net\/index.php?rest_route=%2Fwp%2Fv2%2Fmedia&parent=65938"}],"wp:term":[{"taxonomy":"category","embeddable":true,"href":"https:\/\/jugulajm.net\/index.php?rest_route=%2Fwp%2Fv2%2Fcategories&post=65938"},{"taxonomy":"post_tag","embeddable":true,"href":"https:\/\/jugulajm.net\/index.php?rest_route=%2Fwp%2Fv2%2Ftags&post=65938"}],"curies":[{"name":"wp","href":"https:\/\/api.w.org\/{rel}","templated":true}]}}