{"id":65910,"date":"2023-10-02T21:43:57","date_gmt":"2023-10-02T19:43:57","guid":{"rendered":"https:\/\/jugulajm.net\/?p=65910"},"modified":"2023-10-02T21:43:57","modified_gmt":"2023-10-02T19:43:57","slug":"hoxha-rrezon-karamucon-ja-per-cfare","status":"publish","type":"post","link":"https:\/\/jugulajm.net\/?p=65910","title":{"rendered":"Hoxha rr\u00ebzon Karamu\u00e7on, ja p\u00ebr \u00e7far\u00eb&#8230;"},"content":{"rendered":"<p>Artan Hoxha ka komentuar &#8220;lajmin&#8221; e bujsh\u00ebm t\u00eb Ervin Karamu\u00e7os lidhur me daljen e nj\u00eb video nga telefoni i Ervis Martinajt, ku shfaqet nj\u00eb nga vajzat e showbiz n\u00eb Shqip\u00ebri.<\/p>\n<p>Hoxha deklaroi se lajmi q\u00eb u b\u00eb viral gjat\u00eb fundjav\u00ebs, nuk ka lidhje fare me telefonat e Ervis Martinajt, pasi nuk ka asnj\u00eb prov\u00eb se nj\u00eb video e till\u00eb ka dal\u00eb nga SPAK, madje deklaroi se aplikacioni i kriptuar SKY CC, nuk ka p\u00ebrmbajtje video.<\/p>\n<p>&#8220;B\u00ebhet fjal\u00eb, ose u tha p\u00ebr video q\u00eb kan\u00eb dal\u00eb nga nj\u00eb celular t\u00eb sekuestruar nga SPAK. N\u00ebse do t\u00eb ishte e v\u00ebrtet, do t\u00eb ishte shum\u00eb e r\u00ebnd\u00eb.<\/p>\n<p>Q\u00eb t\u00eb dalin prova nga SPAK, qoft\u00eb edhe video, \u00ebsht\u00eb nj\u00eb gj\u00eb shum\u00eb e r\u00ebnd\u00eb.<\/p>\n<p>B\u00ebhet fjal\u00eb p\u00ebr telefonin e Vis Martinaj.<\/p>\n<p>Thuhet se kjo video ka dal\u00eb nga telefoni i Vis Martinajt dhe nga telefoni \u00a0SKY. S\u00eb pari, Sky nuk ka opsionin video. As d\u00ebrgohej, asgj\u00eb.<\/p>\n<p>Kjo nuk ka dal\u00eb nga telefoni SKY.<\/p>\n<p>Zhdukjen e Martinajt e heton prokurori i Kurbinit. Sky nuk ka video. E kam par\u00eb at\u00eb video, por \u00e7far\u00eb r\u00ebnd\u00ebsie ka ajo? Ajo \u00ebsht\u00eb video banale.<\/p>\n<p>Ne mund t\u00eb shohim vajza drejtuese emisionesh, m\u00eb t\u00eb zhveshura.<\/p>\n<p>U aludua se kjo video u gjet n\u00eb telefonin e nj\u00eb personi t\u00eb bot\u00ebs s\u00eb krimit.<\/p>\n<p>Para disa muajsh \u00ebsth\u00eb kapur nj\u00eb person q\u00eb ka qen\u00eb n\u00eb Dubai. Her\u00ebn e fundit \u00ebsht\u00eb kapur, sepse i ka \u00e7uar nj\u00eb personi t\u00eb penduar nj\u00eb dhurat\u00eb, nj\u00eb pako me kumbulla dhe ia ka \u00e7uar me emrin e vet si dhurat\u00eb.<\/p>\n<p>Kjo \u00ebsht\u00eb p\u00ebrceptuar si mesazh q\u00eb i \u00ebsht\u00eb dh\u00ebn\u00eb atij personi q\u00eb t\u00eb qep\u00eb goj\u00ebn.<\/p>\n<p>Nga ky moment ky \u00ebsht\u00eb v\u00ebn\u00eb n\u00ebn hetim.<\/p>\n<p>\u00cbsht\u00eb arrestuar p\u00ebr k\u00ebt\u00eb gj\u00eb.<\/p>\n<p>Ky personi ndodhet n\u00eb burg p\u00ebr k\u00ebto kumbullat q\u00eb ia ka cuar \u00a0Erjon Alibeajt.<\/p>\n<p>Kur u kap, ka patur telefonat dhe pretendohet se jan\u00eb gjetur videot.<\/p>\n<p>Publimi i atij lajmi, iu vesh SPAK-ut. Nuk ka asnj\u00eb prov\u00eb q\u00eb t&#8217;i ket\u00eb ndodhur SPAK-ut.<\/p>\n<p>Pse \u00ebsht\u00eb p\u00ebrdorur? Pse mund ta ken\u00eb b\u00ebr\u00eb?<\/p>\n<p>Ai u b\u00eb lajmi m\u00eb i klikuar i fundjav\u00ebs.<\/p>\n<p>Ajo video nuk ka ndonj\u00eb hata, por u b\u00eb abuzimi, q\u00eb than\u00eb shkojn\u00eb p\u00ebr 100 mij\u00eb euro nata\u2026 Tani k\u00ebta vrasin p\u00ebr 50 mij\u00eb euro, si paguajn\u00eb 100 mij\u00eb euro nata p\u00ebr vajzat e showbiz&#8221;, deklaroi Hoxha.<\/p>\n","protected":false},"excerpt":{"rendered":"<p>Artan Hoxha ka komentuar &#8220;lajmin&#8221; e bujsh\u00ebm t\u00eb Ervin Karamu\u00e7os lidhur me daljen e nj\u00eb video nga telefoni i Ervis Martinajt, ku shfaqet nj\u00eb nga vajzat e showbiz n\u00eb Shqip\u00ebri. Hoxha deklaroi se lajmi q\u00eb u b\u00eb viral gjat\u00eb fundjav\u00ebs, nuk ka lidhje fare me telefonat e Ervis Martinajt, pasi nuk ka asnj\u00eb prov\u00eb se [&hellip;]<\/p>\n","protected":false},"author":5,"featured_media":65911,"comment_status":"closed","ping_status":"closed","sticky":false,"template":"","format":"standard","meta":{"footnotes":""},"categories":[1,6332],"tags":[26686,22768],"class_list":{"0":"post-65910","1":"post","2":"type-post","3":"status-publish","4":"format-standard","5":"has-post-thumbnail","7":"category-aktualitet","8":"category-te-fundit","9":"tag-hoxha-rrezon-karamucon","10":"tag-ja-per-cfare"},"_links":{"self":[{"href":"https:\/\/jugulajm.net\/index.php?rest_route=\/wp\/v2\/posts\/65910","targetHints":{"allow":["GET"]}}],"collection":[{"href":"https:\/\/jugulajm.net\/index.php?rest_route=\/wp\/v2\/posts"}],"about":[{"href":"https:\/\/jugulajm.net\/index.php?rest_route=\/wp\/v2\/types\/post"}],"author":[{"embeddable":true,"href":"https:\/\/jugulajm.net\/index.php?rest_route=\/wp\/v2\/users\/5"}],"replies":[{"embeddable":true,"href":"https:\/\/jugulajm.net\/index.php?rest_route=%2Fwp%2Fv2%2Fcomments&post=65910"}],"version-history":[{"count":0,"href":"https:\/\/jugulajm.net\/index.php?rest_route=\/wp\/v2\/posts\/65910\/revisions"}],"wp:featuredmedia":[{"embeddable":true,"href":"https:\/\/jugulajm.net\/index.php?rest_route=\/wp\/v2\/media\/65911"}],"wp:attachment":[{"href":"https:\/\/jugulajm.net\/index.php?rest_route=%2Fwp%2Fv2%2Fmedia&parent=65910"}],"wp:term":[{"taxonomy":"category","embeddable":true,"href":"https:\/\/jugulajm.net\/index.php?rest_route=%2Fwp%2Fv2%2Fcategories&post=65910"},{"taxonomy":"post_tag","embeddable":true,"href":"https:\/\/jugulajm.net\/index.php?rest_route=%2Fwp%2Fv2%2Ftags&post=65910"}],"curies":[{"name":"wp","href":"https:\/\/api.w.org\/{rel}","templated":true}]}}