{"id":65906,"date":"2023-10-02T19:27:08","date_gmt":"2023-10-02T17:27:08","guid":{"rendered":"https:\/\/jugulajm.net\/?p=65906"},"modified":"2023-10-02T19:27:08","modified_gmt":"2023-10-02T17:27:08","slug":"humb-jeten-62-vjecari-shkoi-te-prese-dru-ne-mal-por-kali-e-ze-poshte","status":"publish","type":"post","link":"https:\/\/jugulajm.net\/?p=65906","title":{"rendered":"Humb jeten 62-vje\u00e7ari, shkoi t\u00eb pres\u00eb dru n\u00eb mal, por kali e z\u00eb posht\u00eb"},"content":{"rendered":"<p>Nj\u00eb ngjarje e r\u00ebnd\u00eb \u00ebsht\u00eb regjistruar mbr\u00ebmjen e s\u00eb diel\u00ebs n\u00eb fshatin Gjyras t\u00eb Bashkis\u00eb Maliq. Nj\u00eb 62-vje\u00e7ar me iniciale A.Sh. ka shkuar p\u00ebr t\u00eb prer\u00eb dru n\u00eb malin e k\u00ebtij fshati, me kal\u00eb.<\/p>\n<p>Gjat\u00eb rrug\u00ebs, p\u00ebr shkak t\u00eb terrenit t\u00eb v\u00ebshtir\u00eb, 62-vje\u00e7ari \u00ebsht\u00eb rr\u00ebzuar n\u00eb tok\u00eb dhe kafsha i ka r\u00ebn\u00eb p\u00ebrsip\u00ebr, duke e l\u00ebn\u00eb t\u00eb vdekur n\u00eb vend. Viktima \u00ebsht\u00eb gjetur nga disa banor\u00eb t\u00eb zon\u00ebs t\u00eb cil\u00ebt kan\u00eb lajm\u00ebruar menj\u00ebher\u00eb policin\u00eb.<\/p>\n","protected":false},"excerpt":{"rendered":"<p>Nj\u00eb ngjarje e r\u00ebnd\u00eb \u00ebsht\u00eb regjistruar mbr\u00ebmjen e s\u00eb diel\u00ebs n\u00eb fshatin Gjyras t\u00eb Bashkis\u00eb Maliq. Nj\u00eb 62-vje\u00e7ar me iniciale A.Sh. ka shkuar p\u00ebr t\u00eb prer\u00eb dru n\u00eb malin e k\u00ebtij fshati, me kal\u00eb. Gjat\u00eb rrug\u00ebs, p\u00ebr shkak t\u00eb terrenit t\u00eb v\u00ebshtir\u00eb, 62-vje\u00e7ari \u00ebsht\u00eb rr\u00ebzuar n\u00eb tok\u00eb dhe kafsha i ka r\u00ebn\u00eb p\u00ebrsip\u00ebr, duke e [&hellip;]<\/p>\n","protected":false},"author":5,"featured_media":48331,"comment_status":"closed","ping_status":"closed","sticky":false,"template":"","format":"standard","meta":{"footnotes":""},"categories":[1,6332],"tags":[26681,26683,26682],"class_list":{"0":"post-65906","1":"post","2":"type-post","3":"status-publish","4":"format-standard","5":"has-post-thumbnail","7":"category-aktualitet","8":"category-te-fundit","9":"tag-humb-jeten-62-vjecari","10":"tag-por-kali-e-ze-poshte","11":"tag-shkoi-te-prese-dru-ne-mal"},"_links":{"self":[{"href":"https:\/\/jugulajm.net\/index.php?rest_route=\/wp\/v2\/posts\/65906","targetHints":{"allow":["GET"]}}],"collection":[{"href":"https:\/\/jugulajm.net\/index.php?rest_route=\/wp\/v2\/posts"}],"about":[{"href":"https:\/\/jugulajm.net\/index.php?rest_route=\/wp\/v2\/types\/post"}],"author":[{"embeddable":true,"href":"https:\/\/jugulajm.net\/index.php?rest_route=\/wp\/v2\/users\/5"}],"replies":[{"embeddable":true,"href":"https:\/\/jugulajm.net\/index.php?rest_route=%2Fwp%2Fv2%2Fcomments&post=65906"}],"version-history":[{"count":0,"href":"https:\/\/jugulajm.net\/index.php?rest_route=\/wp\/v2\/posts\/65906\/revisions"}],"wp:featuredmedia":[{"embeddable":true,"href":"https:\/\/jugulajm.net\/index.php?rest_route=\/wp\/v2\/media\/48331"}],"wp:attachment":[{"href":"https:\/\/jugulajm.net\/index.php?rest_route=%2Fwp%2Fv2%2Fmedia&parent=65906"}],"wp:term":[{"taxonomy":"category","embeddable":true,"href":"https:\/\/jugulajm.net\/index.php?rest_route=%2Fwp%2Fv2%2Fcategories&post=65906"},{"taxonomy":"post_tag","embeddable":true,"href":"https:\/\/jugulajm.net\/index.php?rest_route=%2Fwp%2Fv2%2Ftags&post=65906"}],"curies":[{"name":"wp","href":"https:\/\/api.w.org\/{rel}","templated":true}]}}