{"id":65879,"date":"2023-10-02T12:48:23","date_gmt":"2023-10-02T10:48:23","guid":{"rendered":"https:\/\/jugulajm.net\/?p=65879"},"modified":"2023-10-02T12:48:23","modified_gmt":"2023-10-02T10:48:23","slug":"flet-babai-i-laert-haxhiut-i-them-prokurores-te-qetesohet-sepse","status":"publish","type":"post","link":"https:\/\/jugulajm.net\/?p=65879","title":{"rendered":"Flet babai i Laert Haxhiut: I them prokurores t\u00eb qet\u00ebsohet, sepse&#8230;"},"content":{"rendered":"<p>Gjat\u00eb nj\u00eb lidhjeje t\u00eb drejt\u00ebp\u00ebrdrejt\u00eb me \u201cTop News\u201d, babai i Laert Haxhiut, Qamil Haxhiu ka folur n\u00eb lidhje me lajmin se ish-prokuroren e Lushnj\u00ebs, Merita Selimi, ishte n\u00eb \u201csh\u00ebnjest\u00ebr\u201d t\u00eb t\u00eb birit p\u00ebr ta eleminuar. Emri i saj doli nga d\u00ebshmia e Ardian Tafanit, t\u00eb penduarit t\u00eb drejt\u00ebsis\u00eb.<\/p>\n<p>Ai tha se Tafani \u00ebsht\u00eb nj\u00eb i droguar, dhe q\u00eb nuk duhet besuar, nd\u00ebrsa ish-prokurores i tha q\u00eb t\u00eb q\u00ebndroj\u00eb e qet\u00eb, sepse nuk kan\u00eb asnj\u00eb problem me t\u00eb.<\/p>\n<p>\u201c\u00c7a mund t\u00eb pres\u00ebsh nga nj\u00eb njeri i droguar?<\/p>\n<p>Ish-prokurorja t\u00eb mos ket\u00eb asnj\u00eb problem, ne nuk kemi asnj\u00eb problem me ask\u00ebnd. Ku bazohesh ti q\u00eb ia merr p\u00ebr baz\u00eb Ardian Tafanit.<\/p>\n<p>Me Aldo Baren djali nuk ka asnj\u00eb problem, ai \u00ebsht\u00eb atje ku \u00ebsht\u00eb. Djali im \u00ebsht\u00eb n\u00eb burgjet greke, n\u00eb dor\u00eb t\u00eb tyre.<\/p>\n<div class=\"insertion-box\">\n<div class=\"\">\n<div id=\"t651a9ee1aa484\" data-p=\"100\">Laerti nuk do dor\u00ebzohet kurr\u00eb n\u00eb drejt\u00ebsin\u00eb shqiptare. Nj\u00eb drejt\u00ebsie t\u00eb till\u00eb, q\u00eb merret me deklaratat e nj\u00eb t\u00eb droguari. Pse nuk hapin letrat? Pse nuk i hap dokumentet Policia, Prokuroria? Laerti nuk ka komunikuar kurr\u00eb me Tafanin, dhe as nuk e ka takuar kurr\u00eb\u201d, u shpreh Qamil Haxhiu.<\/div>\n<\/div>\n<\/div>\n","protected":false},"excerpt":{"rendered":"<p>Gjat\u00eb nj\u00eb lidhjeje t\u00eb drejt\u00ebp\u00ebrdrejt\u00eb me \u201cTop News\u201d, babai i Laert Haxhiut, Qamil Haxhiu ka folur n\u00eb lidhje me lajmin se ish-prokuroren e Lushnj\u00ebs, Merita Selimi, ishte n\u00eb \u201csh\u00ebnjest\u00ebr\u201d t\u00eb t\u00eb birit p\u00ebr ta eleminuar. Emri i saj doli nga d\u00ebshmia e Ardian Tafanit, t\u00eb penduarit t\u00eb drejt\u00ebsis\u00eb. Ai tha se Tafani \u00ebsht\u00eb nj\u00eb i [&hellip;]<\/p>\n","protected":false},"author":5,"featured_media":65880,"comment_status":"closed","ping_status":"closed","sticky":false,"template":"","format":"standard","meta":{"footnotes":""},"categories":[1,6332],"tags":[26670,21049],"class_list":{"0":"post-65879","1":"post","2":"type-post","3":"status-publish","4":"format-standard","5":"has-post-thumbnail","7":"category-aktualitet","8":"category-te-fundit","9":"tag-flet-babai-i-laert-haxhiut-i-them-prokurores-te-qetesohet","10":"tag-sepse"},"_links":{"self":[{"href":"https:\/\/jugulajm.net\/index.php?rest_route=\/wp\/v2\/posts\/65879","targetHints":{"allow":["GET"]}}],"collection":[{"href":"https:\/\/jugulajm.net\/index.php?rest_route=\/wp\/v2\/posts"}],"about":[{"href":"https:\/\/jugulajm.net\/index.php?rest_route=\/wp\/v2\/types\/post"}],"author":[{"embeddable":true,"href":"https:\/\/jugulajm.net\/index.php?rest_route=\/wp\/v2\/users\/5"}],"replies":[{"embeddable":true,"href":"https:\/\/jugulajm.net\/index.php?rest_route=%2Fwp%2Fv2%2Fcomments&post=65879"}],"version-history":[{"count":0,"href":"https:\/\/jugulajm.net\/index.php?rest_route=\/wp\/v2\/posts\/65879\/revisions"}],"wp:featuredmedia":[{"embeddable":true,"href":"https:\/\/jugulajm.net\/index.php?rest_route=\/wp\/v2\/media\/65880"}],"wp:attachment":[{"href":"https:\/\/jugulajm.net\/index.php?rest_route=%2Fwp%2Fv2%2Fmedia&parent=65879"}],"wp:term":[{"taxonomy":"category","embeddable":true,"href":"https:\/\/jugulajm.net\/index.php?rest_route=%2Fwp%2Fv2%2Fcategories&post=65879"},{"taxonomy":"post_tag","embeddable":true,"href":"https:\/\/jugulajm.net\/index.php?rest_route=%2Fwp%2Fv2%2Ftags&post=65879"}],"curies":[{"name":"wp","href":"https:\/\/api.w.org\/{rel}","templated":true}]}}