{"id":65816,"date":"2023-09-30T19:10:29","date_gmt":"2023-09-30T17:10:29","guid":{"rendered":"https:\/\/jugulajm.net\/?p=65816"},"modified":"2023-09-30T19:10:29","modified_gmt":"2023-09-30T17:10:29","slug":"skandal-qeveria-bllokon-bashkine-memaliaj-te-fituar-nga-opozita-reagon-kryetari-albert-malaj-e-megjithate-do-ja-ndryshojme-faqen-memaliajt","status":"publish","type":"post","link":"https:\/\/jugulajm.net\/?p=65816","title":{"rendered":"SKANDAL\/ Qeveria bllokon Bashkin\u00eb Memaliaj t\u00eb fituar nga opozita, reagon Kryetari Albert Malaj: E megjithat\u00eb do ja ndryshojm\u00eb faqen Memaliajt"},"content":{"rendered":"<p>Albert Malaj, Kryetari i Bashkis\u00eb Memaliaj, ka denoncuar dhun\u00ebn shtet\u00ebrore ndaj bashkis\u00eb q\u00eb drejton, bllokimet e shumta dhe p\u00ebrfshirjen e policis\u00eb n\u00eb k\u00ebt\u00eb skenar izolimi te padrejte<\/p>\n<p>Bllokimi i fondeve, si dhe pengimi i ushtrimit t\u00eb mandatit t\u00eb t\u00eb zgjedhurve vendor\u00eb \u00ebsht\u00eb antikushtetues dhe n\u00eb kund\u00ebrshtim me Kart\u00ebn Evropiane t\u00eb t\u00eb Qeverisjes Vendore.<\/p>\n<p>Kujtojme se Albert Malaj ne zgjedhjet vendore ka mundur me rezultat te thelle dhe poshterues kandidatin e PS-se, i cili kishte mbeshtetjen totale te gjithe qeverise me ne krye deputetin e zones Laert Duraj.<\/p>\n<p>Sic duket kjo eshte arsyeja pse qeveria dhe deputeti Laert Duraj nuk e kaperdijne dot kete fakt te qenesishem dhe paturpesisht perdorin metoda bllokuese per nje komunitet te tere.<\/p>\n<p><strong>Ja postimi i plote i Malajt:<\/strong><\/p>\n<p>APEL P\u00cbR REFLEKTIM.<\/p>\n<div dir=\"auto\">\u25cf S\u00eb pari ju p\u00ebrsh\u00ebndes JU qytetar\u00ebve t\u00eb Bashkis\u00eb Memaliaj duke ju uruar sh\u00ebndet,<\/div>\n<div dir=\"auto\">mbar\u00ebsi n\u00eb familjet tuaja dhe do t\u00eb doja t&#8217;ju b\u00ebja me dije p\u00ebr disa shqet\u00ebsime, t\u00eb cilat ashtu si\u00e7 i kemi ndar\u00eb me ju nga nisja e rrug\u00ebtimit t\u00eb p\u00ebrbashk\u00ebt.<\/div>\n<div dir=\"auto\">\u25cf Misioni yn\u00eb i p\u00ebrbashk\u00ebt \u00ebsht\u00eb ndryshimi i k\u00ebsaj bashkie, por q\u00eb me marrjen e detyr\u00ebs 3 muajve u vum\u00eb n\u00eb ndjekje t\u00eb \u00e7do shqet\u00ebsimi q\u00eb kan\u00eb qytetar\u00ebt e Memaliajt dhe fshatrave t\u00eb k\u00ebsaj bashkie, duke shfaqur guxim dhe energji, q\u00eb buron nga forca juaj e t\u00eb vendosurit.<\/div>\n<div dir=\"auto\">\u25cf POR bashkia jon\u00eb po shikohet me nj\u00eb sy tjet\u00ebr me shpalljen e rezultatit!<\/div>\n<div dir=\"auto\">\u25cf A thua se po p\u00ebrballemi me nj\u00eb embargo p\u00ebr drejtuesit dhe qytetar\u00ebt, q\u00eb zgjodh\u00ebn me vullnetin e tyre?<\/div>\n<div dir=\"auto\">\u25cf Menj\u00ebher\u00eb u bllokuan llogarit\u00eb e bashkis\u00eb me p\u00ebrmbarim, duke penguar veprimtarit\u00eb zhvilluese t\u00eb bashkis\u00eb, t\u00eb v\u00ebna re m\u00eb s\u00eb miri nga ana juaj.<\/div>\n<div dir=\"auto\">\u25cf Pse nuk ndodhi me administrat\u00ebn e par\u00eb, kur shkresa e till\u00eb kishte koh\u00eb n\u00eb thesar, por nuk ezaurohej?<\/div>\n<div dir=\"auto\">\u25cf U bllokuan makinat e mbetjeve, q\u00eb t\u00eb mos hidheshin mbeturinat tek vendi q\u00eb kishte 30 vjet, menj\u00ebher\u00eb sa u mor detyra nga ana jon\u00eb.<\/div>\n<div dir=\"auto\">\u25cf U procedua firma e pastrimit dhe bashkia.<\/div>\n<div dir=\"auto\">\u25cf Mjetet kan\u00eb q\u00ebndruar nj\u00eb jav\u00eb t\u00eb mbushura me mbeturina deri n\u00eb caktimin e nj\u00eb vendi tjet\u00ebr depozitimi, i ndrysh\u00ebm nga ai i 30 viteve, q\u00eb u realizua n\u00eb koh\u00eb rekord nga administrata e re.( sot ka bashki qe i derdhin ne gryk te vjoses por nuk ngacmohen apo pro\u00e7edohen nga policia)<\/div>\n<div dir=\"auto\">\u25cf N\u00eb \u00e7do takim q\u00eb b\u00ebhet p\u00ebr \u00e7\u00ebshtjen e lumit Vjos\u00eb, caktohen qytete t\u00eb tjera, q\u00eb nuk p\u00ebrshkohen nga Vjosa dhe s\u2019kan\u00eb asnj\u00eb lidhje me t\u00eb.<\/div>\n<div dir=\"auto\">\u25cf N\u00eb dat\u00ebn 20 shtator policia e partise ka bllokuar mjetet e bashkis\u00eb fadrom dhe<\/div>\n<div dir=\"auto\">kamion, q\u00eb sistemonin lulishten n\u00eb hyrje t\u00eb qytetit, me pretendimin se kan\u00eb c\u00ebnuar<\/div>\n<div dir=\"auto\">struktur\u00ebn e tok\u00ebs, duke bllokuar dhe l\u00ebn\u00eb n\u00eb ruajtje k\u00ebto mjete.<\/div>\n<div dir=\"auto\">\u25cf Jan\u00eb proceduar n\u00eb prokurori shofer\u00ebt dhe stafi drejtues i bashkis\u00eb!<\/div>\n<div dir=\"auto\">\u25cf A thua kan\u00eb t\u00eb b\u00ebjn\u00eb me nj\u00eb organizat\u00eb kriminale dhe jo nj\u00eb institucion vendor<\/div>\n<div dir=\"auto\">legal t\u00eb dal\u00eb nga vota e qytetar\u00ebve?<\/div>\n<div dir=\"auto\">\u25cf Kush mundet ta gjykoj\u00eb vendimin tuaj p\u00ebr t\u00eb zgjedhur t\u00eb lir\u00eb?<\/div>\n<div dir=\"auto\">\u25cf I b\u00ebj apel policis\u00eb s\u00eb qarkut Gjirokast\u00ebr, t\u00eb kryej\u00eb detyr\u00ebn dhe respektoj\u00eb ligjin nj\u00ebsoj p\u00ebr t\u00eb gjith\u00eb, jo n\u00eb m\u00ebnyr\u00eb selektive, t\u00eb mos marin urdhra politike, pasi nuk \u00ebsht\u00eb<\/div>\n<div dir=\"auto\">nj\u00eb staf i bashkis\u00eb, por t\u00eb gjith\u00eb qytetar\u00ebt, q\u00eb kan\u00eb vendosur p\u00ebr t\u00eb b\u00ebr\u00eb k\u00ebto ndryshime pozitive p\u00ebr komunitetin e bashkis\u00eb.<\/div>\n<div dir=\"auto\">\u25cf I kujtoj policis\u00eb t\u00eb shikoj\u00eb mjetet q\u00eb kemi denoncuar, q\u00eb levizin pa targa, me xhama t\u00eb zinj dhe me targa fallco n\u00eb territorin e bashkis\u00eb dhe t\u00eb liroj\u00eb mjetet e bashkis\u00eb q\u00eb<\/div>\n<div dir=\"auto\">vazhdojn\u00eb t\u00eb b\u00ebjn\u00eb pun\u00ebn legale n\u00eb t\u00eb mir\u00eb t\u00eb komunitetit e qytetar\u00ebve.<\/div>\n<div dir=\"auto\">\u25cf Ne si staf n\u00eb aleanc\u00eb t\u00eb plot\u00eb me qytetar\u00ebt, nuk intimidohemi nga presioni policor politik dhe do punojm\u00eb me fonde t\u00eb limituara, por t\u00eb vendosur m\u00eb shum\u00eb se kurr\u00eb p\u00ebr t\u00eb ndryshuar faqen e k\u00ebsaj bashkie, duke p\u00ebrmir\u00ebsuar jet\u00ebn e qytetar\u00ebve t\u00eb saj, pasi ky \u00ebsht\u00eb misioni q\u00eb kan\u00eb vendosur qytetar\u00ebt e Memaliajt.<\/div>\n","protected":false},"excerpt":{"rendered":"<p>Albert Malaj, Kryetari i Bashkis\u00eb Memaliaj, ka denoncuar dhun\u00ebn shtet\u00ebrore ndaj bashkis\u00eb q\u00eb drejton, bllokimet e shumta dhe p\u00ebrfshirjen e policis\u00eb n\u00eb k\u00ebt\u00eb skenar izolimi te padrejte Bllokimi i fondeve, si dhe pengimi i ushtrimit t\u00eb mandatit t\u00eb t\u00eb zgjedhurve vendor\u00eb \u00ebsht\u00eb antikushtetues dhe n\u00eb kund\u00ebrshtim me Kart\u00ebn Evropiane t\u00eb t\u00eb Qeverisjes Vendore. Kujtojme se [&hellip;]<\/p>\n","protected":false},"author":5,"featured_media":58808,"comment_status":"closed","ping_status":"closed","sticky":false,"template":"","format":"standard","meta":{"footnotes":""},"categories":[1,6332],"tags":[26639,26638],"class_list":{"0":"post-65816","1":"post","2":"type-post","3":"status-publish","4":"format-standard","5":"has-post-thumbnail","7":"category-aktualitet","8":"category-te-fundit","9":"tag-reagon-kryetari-albert-malaj-e-megjithate-do-ja-ndryshojme-faqen-memaliajt","10":"tag-skandal-qeveria-bllokon-bashkine-memaliaj-te-fituar-nga-opozita"},"_links":{"self":[{"href":"https:\/\/jugulajm.net\/index.php?rest_route=\/wp\/v2\/posts\/65816","targetHints":{"allow":["GET"]}}],"collection":[{"href":"https:\/\/jugulajm.net\/index.php?rest_route=\/wp\/v2\/posts"}],"about":[{"href":"https:\/\/jugulajm.net\/index.php?rest_route=\/wp\/v2\/types\/post"}],"author":[{"embeddable":true,"href":"https:\/\/jugulajm.net\/index.php?rest_route=\/wp\/v2\/users\/5"}],"replies":[{"embeddable":true,"href":"https:\/\/jugulajm.net\/index.php?rest_route=%2Fwp%2Fv2%2Fcomments&post=65816"}],"version-history":[{"count":0,"href":"https:\/\/jugulajm.net\/index.php?rest_route=\/wp\/v2\/posts\/65816\/revisions"}],"wp:featuredmedia":[{"embeddable":true,"href":"https:\/\/jugulajm.net\/index.php?rest_route=\/wp\/v2\/media\/58808"}],"wp:attachment":[{"href":"https:\/\/jugulajm.net\/index.php?rest_route=%2Fwp%2Fv2%2Fmedia&parent=65816"}],"wp:term":[{"taxonomy":"category","embeddable":true,"href":"https:\/\/jugulajm.net\/index.php?rest_route=%2Fwp%2Fv2%2Fcategories&post=65816"},{"taxonomy":"post_tag","embeddable":true,"href":"https:\/\/jugulajm.net\/index.php?rest_route=%2Fwp%2Fv2%2Ftags&post=65816"}],"curies":[{"name":"wp","href":"https:\/\/api.w.org\/{rel}","templated":true}]}}