{"id":65781,"date":"2023-09-29T22:35:11","date_gmt":"2023-09-29T20:35:11","guid":{"rendered":"https:\/\/jugulajm.net\/?p=65781"},"modified":"2023-09-29T22:35:11","modified_gmt":"2023-09-29T20:35:11","slug":"itali-emigrante-shqiptare-dhe-banore-te-zones-ne-marshim-per-vrasjen-e-klodiana-vefes","status":"publish","type":"post","link":"https:\/\/jugulajm.net\/?p=65781","title":{"rendered":"Itali, emigrant\u00eb shqiptar\u00eb dhe banor\u00eb t\u00eb zon\u00ebs n\u00eb marshim p\u00ebr vrasjen e Klodiana Vef\u00ebs"},"content":{"rendered":"<p>Familjar\u00eb, emigrant\u00eb shqiptar\u00eb, banor\u00eb t\u00eb komun\u00ebs s\u00eb Castelfiorentino n\u00eb Itali marshuan k\u00ebt\u00eb mbr\u00ebmje n\u00eb rrug\u00ebt e qytetit p\u00ebr t\u00eb d\u00ebnuar krimin e vrasjes s\u00eb 37-vje\u00e7ares Klodiana Vefa.<\/p>\n<p>lule t\u00eb bardha jan\u00eb vendosur mbi stolin e kuq n\u00eb sheshin Gramsci e simbol i fenomenit t\u00eb Feminicidios e denoncimit t\u00eb dhun\u00ebs ndaj gruas.<\/p>\n<p>T\u00eb pranish\u00ebm gjat\u00eb marshimit ishin dhe Kryetari i Bashkis\u00eb s\u00eb qytez\u00ebs e Kreu i K\u00ebshillit Rajonal t\u00eb Toskan\u00ebs.<\/p>\n<p>Nd\u00ebrkoh\u00eb vijojn\u00eb k\u00ebrkimet p\u00ebr kapjen e Alfred Vefa 44 vje\u00e7 e ish bashk\u00ebshorti i viktim\u00ebs i cili pas vrasjes \u00ebsht\u00eb larguar n\u00eb drejtim t\u00eb paditur.<\/p>\n<p><img decoding=\"async\" src=\"https:\/\/media.oranews.tv\/oranews.tv\/media3\/-640-0-f3214544-f0e6-4761-88f2-7ab3798a0b57-1696019267.jpeg\" alt=\"Familjar\u00eb, emigrant\u00eb shqiptar\u00eb dhe banor\u00eb t\u00eb zon\u00ebs\" width=\"100%\" data-size=\"x\" data-id=\"515017\" \/><\/p>\n","protected":false},"excerpt":{"rendered":"<p>Familjar\u00eb, emigrant\u00eb shqiptar\u00eb, banor\u00eb t\u00eb komun\u00ebs s\u00eb Castelfiorentino n\u00eb Itali marshuan k\u00ebt\u00eb mbr\u00ebmje n\u00eb rrug\u00ebt e qytetit p\u00ebr t\u00eb d\u00ebnuar krimin e vrasjes s\u00eb 37-vje\u00e7ares Klodiana Vefa. lule t\u00eb bardha jan\u00eb vendosur mbi stolin e kuq n\u00eb sheshin Gramsci e simbol i fenomenit t\u00eb Feminicidios e denoncimit t\u00eb dhun\u00ebs ndaj gruas. T\u00eb pranish\u00ebm gjat\u00eb marshimit [&hellip;]<\/p>\n","protected":false},"author":5,"featured_media":65782,"comment_status":"closed","ping_status":"closed","sticky":false,"template":"","format":"standard","meta":{"footnotes":""},"categories":[1,6332],"tags":[26621],"class_list":{"0":"post-65781","1":"post","2":"type-post","3":"status-publish","4":"format-standard","5":"has-post-thumbnail","7":"category-aktualitet","8":"category-te-fundit","9":"tag-emigrante-shqiptare-dhe-banore-te-zones-ne-marshim-per-vrasjen-e-klodiana-vefes"},"_links":{"self":[{"href":"https:\/\/jugulajm.net\/index.php?rest_route=\/wp\/v2\/posts\/65781","targetHints":{"allow":["GET"]}}],"collection":[{"href":"https:\/\/jugulajm.net\/index.php?rest_route=\/wp\/v2\/posts"}],"about":[{"href":"https:\/\/jugulajm.net\/index.php?rest_route=\/wp\/v2\/types\/post"}],"author":[{"embeddable":true,"href":"https:\/\/jugulajm.net\/index.php?rest_route=\/wp\/v2\/users\/5"}],"replies":[{"embeddable":true,"href":"https:\/\/jugulajm.net\/index.php?rest_route=%2Fwp%2Fv2%2Fcomments&post=65781"}],"version-history":[{"count":0,"href":"https:\/\/jugulajm.net\/index.php?rest_route=\/wp\/v2\/posts\/65781\/revisions"}],"wp:featuredmedia":[{"embeddable":true,"href":"https:\/\/jugulajm.net\/index.php?rest_route=\/wp\/v2\/media\/65782"}],"wp:attachment":[{"href":"https:\/\/jugulajm.net\/index.php?rest_route=%2Fwp%2Fv2%2Fmedia&parent=65781"}],"wp:term":[{"taxonomy":"category","embeddable":true,"href":"https:\/\/jugulajm.net\/index.php?rest_route=%2Fwp%2Fv2%2Fcategories&post=65781"},{"taxonomy":"post_tag","embeddable":true,"href":"https:\/\/jugulajm.net\/index.php?rest_route=%2Fwp%2Fv2%2Ftags&post=65781"}],"curies":[{"name":"wp","href":"https:\/\/api.w.org\/{rel}","templated":true}]}}