{"id":65757,"date":"2023-09-29T13:26:05","date_gmt":"2023-09-29T11:26:05","guid":{"rendered":"https:\/\/jugulajm.net\/?p=65757"},"modified":"2023-09-29T13:26:44","modified_gmt":"2023-09-29T11:26:44","slug":"emrat-shkarkime-dhe-emerime-levizin-shefat-e-komisariateve-ne-disa-qytete","status":"publish","type":"post","link":"https:\/\/jugulajm.net\/?p=65757","title":{"rendered":"EMRAT\/ Shkarkime dhe em\u00ebrime, l\u00ebvizin shefat e komisariateve n\u00eb disa qytete"},"content":{"rendered":"<p>Drejtori i P\u00ebrgjithsh\u00ebm i Policis\u00eb s\u00eb Shtetit Muhamet Rrumbullaku ka firmosur nj\u00eb s\u00ebr\u00eb urdhrash p\u00ebr shkarkimesh nga detyra.<\/p>\n<p>N\u00eb komunikat\u00ebn e Policis\u00eb s\u00eb Shtetit thuhet se ndryshimet b\u00ebhen me q\u00ebllim dh\u00ebnien e impulseve t\u00eb reja forc\u00ebs parandaluese, pun\u00ebs hetimore dhe forc\u00ebs godit\u00ebse, ndaj krimit n\u00eb p\u00ebrgjithsi dhe krimit t\u00eb organizuar n\u00eb ve\u00e7anti.<\/p>\n<p>\u2022 Lidhur me ngjarjen n\u00eb qytetin e Rr\u00ebshenit, ku u vra nj\u00eb shtetas dhe u plagos\u00ebn disa t\u00eb tjer\u00eb, pas analiz\u00ebs s\u00eb b\u00ebr\u00eb lidhur me veprimtarin\u00eb e strukturave t\u00eb Policis\u00eb s\u00eb Shtetit, p\u00ebr ndjekjen e k\u00ebsaj ngjarjeje, si dhe p\u00ebr shkak t\u00eb mostrajtimit\/mosanalizimit t\u00eb duhur t\u00eb konflikteve nd\u00ebrmjet fiseve n\u00eb Rr\u00ebshen, Drejtori i P\u00ebrgjithsh\u00ebm ka vendosur:<\/p>\n<p>-shkarkimin nga detyra t\u00eb z\u00ebvend\u00ebsdrejtorit p\u00ebr Hetimin e Krimeve t\u00eb DVP Lezh\u00eb Drejtues Alfred Nomani dhe em\u00ebrimin n\u00eb k\u00ebt\u00eb detyr\u00eb t\u00eb Kryekomisar Gentian Berberi;<\/p>\n<p>-shkarkimin nga detyra t\u00eb shefit t\u00eb Sektorit p\u00ebr Rendin dhe Sigurin\u00eb t\u00eb DVP Lezh\u00eb, Kryekomisar Artur Cara;<\/p>\n<p>-em\u00ebrimin n\u00eb detyr\u00ebn e Z\u00ebvend\u00ebsdrejtorit p\u00ebr Rendin dhe Sigurin\u00eb t\u00eb DVP Lezh\u00eb, t\u00eb Kryekomisar Altin Mena;<\/p>\n<p>-shkarkimin nga detyra t\u00eb shefit t\u00eb Komisariatit t\u00eb Policis\u00eb Mirdit\u00eb, Komisar Paulin \u00c7upi dhe em\u00ebrimin n\u00eb k\u00ebt\u00eb detyr\u00eb t\u00eb Komisar Klodian Kondi.<\/p>\n<p>\u2022 Gjithashtu, jan\u00eb b\u00ebr\u00eb edhe l\u00ebvizje t\u00eb tjera, me q\u00ebllim p\u00ebrmir\u00ebsimin e pun\u00ebs s\u00eb strukturave t\u00eb Policis\u00eb s\u00eb Shtetit, konkretisht:<\/p>\n<p>-\u00ebsht\u00eb shkarkuar nga detyra e z\u00ebvend\u00ebsdrejtorit p\u00ebr Hetimin e Krimeve t\u00eb DVP Fier Drejtues Artur Shira dhe \u00ebsht\u00eb em\u00ebruar n\u00eb k\u00ebt\u00eb detyr\u00eb Komisar Arjan Hasani;<\/p>\n<p>-\u00ebsht\u00eb em\u00ebruar n\u00eb detyr\u00ebn e Shefit t\u00eb Komisariatit t\u00eb Policis\u00eb Berat Kryekomisar Ermir G\u00ebrxhani;<\/p>\n<p>-\u00ebsht\u00eb em\u00ebruar n\u00eb detyr\u00ebn e Shefit t\u00eb Komisariatit t\u00eb Policis\u00eb Pogradec Komisar Elton Halili.<\/p>\n<p>Policia e Shtetit vijon t\u00eb jet\u00eb maksimalisht e angazhuar, me t\u00eb gjitha kapacitetet e saj, p\u00ebr p\u00ebrmbushjen e misionit madhor, at\u00eb t\u00eb garantimit t\u00eb rendit dhe siguris\u00eb publike.<\/p>\n","protected":false},"excerpt":{"rendered":"<p>Drejtori i P\u00ebrgjithsh\u00ebm i Policis\u00eb s\u00eb Shtetit Muhamet Rrumbullaku ka firmosur nj\u00eb s\u00ebr\u00eb urdhrash p\u00ebr shkarkimesh nga detyra. N\u00eb komunikat\u00ebn e Policis\u00eb s\u00eb Shtetit thuhet se ndryshimet b\u00ebhen me q\u00ebllim dh\u00ebnien e impulseve t\u00eb reja forc\u00ebs parandaluese, pun\u00ebs hetimore dhe forc\u00ebs godit\u00ebse, ndaj krimit n\u00eb p\u00ebrgjithsi dhe krimit t\u00eb organizuar n\u00eb ve\u00e7anti. \u2022 Lidhur me [&hellip;]<\/p>\n","protected":false},"author":5,"featured_media":49737,"comment_status":"closed","ping_status":"closed","sticky":false,"template":"","format":"standard","meta":{"footnotes":""},"categories":[1,6332],"tags":[26604,26605],"class_list":{"0":"post-65757","1":"post","2":"type-post","3":"status-publish","4":"format-standard","5":"has-post-thumbnail","7":"category-aktualitet","8":"category-te-fundit","9":"tag-emrat-shkarkime-dhe-emerime","10":"tag-levizin-shefat-e-komisariateve-ne-disa-qytete"},"_links":{"self":[{"href":"https:\/\/jugulajm.net\/index.php?rest_route=\/wp\/v2\/posts\/65757","targetHints":{"allow":["GET"]}}],"collection":[{"href":"https:\/\/jugulajm.net\/index.php?rest_route=\/wp\/v2\/posts"}],"about":[{"href":"https:\/\/jugulajm.net\/index.php?rest_route=\/wp\/v2\/types\/post"}],"author":[{"embeddable":true,"href":"https:\/\/jugulajm.net\/index.php?rest_route=\/wp\/v2\/users\/5"}],"replies":[{"embeddable":true,"href":"https:\/\/jugulajm.net\/index.php?rest_route=%2Fwp%2Fv2%2Fcomments&post=65757"}],"version-history":[{"count":0,"href":"https:\/\/jugulajm.net\/index.php?rest_route=\/wp\/v2\/posts\/65757\/revisions"}],"wp:featuredmedia":[{"embeddable":true,"href":"https:\/\/jugulajm.net\/index.php?rest_route=\/wp\/v2\/media\/49737"}],"wp:attachment":[{"href":"https:\/\/jugulajm.net\/index.php?rest_route=%2Fwp%2Fv2%2Fmedia&parent=65757"}],"wp:term":[{"taxonomy":"category","embeddable":true,"href":"https:\/\/jugulajm.net\/index.php?rest_route=%2Fwp%2Fv2%2Fcategories&post=65757"},{"taxonomy":"post_tag","embeddable":true,"href":"https:\/\/jugulajm.net\/index.php?rest_route=%2Fwp%2Fv2%2Ftags&post=65757"}],"curies":[{"name":"wp","href":"https:\/\/api.w.org\/{rel}","templated":true}]}}