{"id":65754,"date":"2023-09-29T12:42:43","date_gmt":"2023-09-29T10:42:43","guid":{"rendered":"https:\/\/jugulajm.net\/?p=65754"},"modified":"2023-09-29T12:42:43","modified_gmt":"2023-09-29T10:42:43","slug":"emri-foto-ja-kush-eshte-shqiptari-45-vjecar-qe-akuzohet-se-vrau-gruan-e-tij-ne-itali","status":"publish","type":"post","link":"https:\/\/jugulajm.net\/?p=65754","title":{"rendered":"EMRI-FOTO\/ Ja kush \u00ebsht\u00eb shqiptari 45-vje\u00e7ar, q\u00eb akuzohet se vrau gruan e tij n\u00eb Itali"},"content":{"rendered":"<p>Klodiana dhe Alfredi kishin rreth 17 vjet q\u00eb jetonin n\u00eb Itali. Ajo ishte me origjin\u00eb nga Fush\u00eb-Kruja, me mbiemrin e familjes Rahmani, nd\u00ebrsa 45-vje\u00e7ari Alfred Vefa ishte me origjin\u00eb nga Preza e Tiran\u00ebs. T\u00eb martuar thuajse prej 20 vitesh, ishin prind\u00ebr t\u00eb dy f\u00ebmij\u00ebve adoleshent\u00eb dhe aktualisht jetonin n\u00eb komun\u00ebn e Castelfiorentino t\u00eb Firenzes.<\/p>\n<p>Dikur t\u00eb dashuruar, si\u00e7 edhe mund t\u00eb dallohet leht\u00ebsisht nga postimet e t\u00eb dyve n\u00eb rrjetet sociale, sot Klodiana nuk jeton m\u00eb. Nd\u00ebrsa bashk\u00ebshorti i saj Alfredi \u00ebsht\u00eb n\u00eb arrati, pasi akuzohet se mbr\u00ebmjen e s\u00eb enjtes i mori asaj jet\u00ebn, duke e ekzekutuar me arm\u00eb zjarri n\u00eb mes t\u00eb rrug\u00ebs.<\/p>\n<figure class=\"wp-block-image size-large\"><img loading=\"lazy\" loading=\"lazy\" decoding=\"async\" class=\"wp-image-999999825551\" src=\"https:\/\/tvklan.al\/wp-content\/uploads\/2023\/09\/WhatsApp-Image-2023-09-29-at-12.02.26-PM-1024x640.jpeg\" sizes=\"auto, (max-width: 1024px) 100vw, 1024px\" srcset=\"https:\/\/tvklan.al\/wp-content\/uploads\/2023\/09\/WhatsApp-Image-2023-09-29-at-12.02.26-PM-1024x640.jpeg 1024w, https:\/\/tvklan.al\/wp-content\/uploads\/2023\/09\/WhatsApp-Image-2023-09-29-at-12.02.26-PM-300x188.jpeg 300w, https:\/\/tvklan.al\/wp-content\/uploads\/2023\/09\/WhatsApp-Image-2023-09-29-at-12.02.26-PM-768x480.jpeg 768w, https:\/\/tvklan.al\/wp-content\/uploads\/2023\/09\/WhatsApp-Image-2023-09-29-at-12.02.26-PM-1536x960.jpeg 1536w, https:\/\/tvklan.al\/wp-content\/uploads\/2023\/09\/WhatsApp-Image-2023-09-29-at-12.02.26-PM.jpeg 1576w\" alt=\"\" width=\"1024\" height=\"640\" \/><\/figure>\n<p>Nga ajo q\u00eb raportohet deri m\u00eb tani n\u00eb mediat italiane, Klodiana dhe Alfredi po ndaheshin. Mes tyre thuhet se koh\u00ebt e fundit kishte debate t\u00eb shumta, me n\u00eb qend\u00ebr xhelozin\u00eb e bashk\u00ebshortit.<\/p>\n<p>Klodiana punonte n\u00eb nj\u00eb piceri t\u00eb zon\u00ebs, si kamariere. Ajo ishte tep\u00ebr aktive n\u00eb rrjetet sociale, e apasionuar pas fotove dhe nj\u00eb person q\u00eb duket se kishte krijuar shum\u00eb miq aty ku jetonte.<\/p>\n<p>Postimi i saj m\u00eb i fundit daton vet\u00ebm 5 dit\u00eb m\u00eb par\u00eb, ku ajo shfaqej elegante teksa kishte dal\u00eb p\u00ebr nj\u00eb mbr\u00ebmje jasht\u00eb.<\/p>\n<p>Ndon\u00ebse jo gjat\u00eb viteve t\u00eb fundit, edhe postimet me bashk\u00ebshortin gjenden ende aty. N\u00eb shum\u00eb prej tyre ata i shprehnin dashurin\u00eb nj\u00ebri-tjetrit, e madje tregonin edhe tatuazhet p\u00ebr nj\u00ebri-tjetrin.<\/p>\n<figure class=\"wp-block-image size-full\"><img loading=\"lazy\" loading=\"lazy\" decoding=\"async\" class=\"wp-image-999999825550\" src=\"https:\/\/tvklan.al\/wp-content\/uploads\/2023\/09\/WhatsApp-Image-2023-09-29-at-12.01.17-PM.jpeg\" sizes=\"auto, (max-width: 1011px) 100vw, 1011px\" srcset=\"https:\/\/tvklan.al\/wp-content\/uploads\/2023\/09\/WhatsApp-Image-2023-09-29-at-12.01.17-PM.jpeg 1011w, https:\/\/tvklan.al\/wp-content\/uploads\/2023\/09\/WhatsApp-Image-2023-09-29-at-12.01.17-PM-300x177.jpeg 300w, https:\/\/tvklan.al\/wp-content\/uploads\/2023\/09\/WhatsApp-Image-2023-09-29-at-12.01.17-PM-768x452.jpeg 768w\" alt=\"\" width=\"1011\" height=\"595\" \/><\/figure>\n<p>Momentalisht mbetet e paqart\u00eb se \u00e7far\u00eb e \u00e7oi marr\u00ebdh\u00ebnien e tyre deri n\u00eb pik\u00ebn sa t\u00eb p\u00ebrfundonte n\u00eb tragjedi.<\/p>\n<p>T\u00eb pakt\u00ebn 3 plumba pistolete u q\u00eblluan n\u00eb drejtim t\u00eb 36-vje\u00e7ares, pak para or\u00ebs 20:00 t\u00eb s\u00eb enjtes. Nj\u00eb prej tyre ishte fatal p\u00ebr Klodian\u00ebn, e cila gjeti vdekjen n\u00eb vendin e ngjarjes. Vrasja ndodhi pak metra larg sht\u00ebpis\u00eb ku jetonte shqiptarja. M\u00eb her\u00ebt sipas mediave italiane, n\u00eb der\u00eb t\u00eb sht\u00ebpis\u00eb kishte trokitur Alfredi, i cili nuk jetonte m\u00eb me familjen e tij. Pal\u00ebt ishin p\u00ebrfshir\u00eb n\u00eb nj\u00eb z\u00ebnk\u00eb dhe kishin dal\u00eb jasht\u00eb.<\/p>\n<figure class=\"wp-block-image size-full\"><img loading=\"lazy\" loading=\"lazy\" decoding=\"async\" class=\"wp-image-999999825552\" src=\"https:\/\/tvklan.al\/wp-content\/uploads\/2023\/09\/WhatsApp-Image-2023-09-29-at-12.05.06-PM.jpeg\" sizes=\"auto, (max-width: 977px) 100vw, 977px\" srcset=\"https:\/\/tvklan.al\/wp-content\/uploads\/2023\/09\/WhatsApp-Image-2023-09-29-at-12.05.06-PM.jpeg 977w, https:\/\/tvklan.al\/wp-content\/uploads\/2023\/09\/WhatsApp-Image-2023-09-29-at-12.05.06-PM-300x300.jpeg 300w, https:\/\/tvklan.al\/wp-content\/uploads\/2023\/09\/WhatsApp-Image-2023-09-29-at-12.05.06-PM-768x769.jpeg 768w\" alt=\"\" width=\"977\" height=\"978\" \/><\/figure>\n<p>Minuta m\u00eb von\u00eb u d\u00ebgjuan t\u00eb sht\u00ebnat. F\u00ebmij\u00ebt dhe familjar\u00eb t\u00eb gruas vrapuan jasht\u00eb duke e gjetur at\u00eb t\u00eb vrar\u00eb. Nd\u00ebrsa Alfredi dyshohet se u largua me makin\u00ebn e tij Golf bashk\u00eb me arm\u00ebn e krimit. Ai vijon t\u00eb jet\u00eb ende n\u00eb arrati.<\/p>\n","protected":false},"excerpt":{"rendered":"<p>Klodiana dhe Alfredi kishin rreth 17 vjet q\u00eb jetonin n\u00eb Itali. Ajo ishte me origjin\u00eb nga Fush\u00eb-Kruja, me mbiemrin e familjes Rahmani, nd\u00ebrsa 45-vje\u00e7ari Alfred Vefa ishte me origjin\u00eb nga Preza e Tiran\u00ebs. T\u00eb martuar thuajse prej 20 vitesh, ishin prind\u00ebr t\u00eb dy f\u00ebmij\u00ebve adoleshent\u00eb dhe aktualisht jetonin n\u00eb komun\u00ebn e Castelfiorentino t\u00eb Firenzes. Dikur [&hellip;]<\/p>\n","protected":false},"author":5,"featured_media":65755,"comment_status":"closed","ping_status":"closed","sticky":false,"template":"","format":"standard","meta":{"footnotes":""},"categories":[1,6332],"tags":[26603],"class_list":{"0":"post-65754","1":"post","2":"type-post","3":"status-publish","4":"format-standard","5":"has-post-thumbnail","7":"category-aktualitet","8":"category-te-fundit","9":"tag-emri-foto-ja-kush-eshte-shqiptari-45-vjecar-qe-akuzohet-se-vrau-gruan-e-tij-ne-itali"},"_links":{"self":[{"href":"https:\/\/jugulajm.net\/index.php?rest_route=\/wp\/v2\/posts\/65754","targetHints":{"allow":["GET"]}}],"collection":[{"href":"https:\/\/jugulajm.net\/index.php?rest_route=\/wp\/v2\/posts"}],"about":[{"href":"https:\/\/jugulajm.net\/index.php?rest_route=\/wp\/v2\/types\/post"}],"author":[{"embeddable":true,"href":"https:\/\/jugulajm.net\/index.php?rest_route=\/wp\/v2\/users\/5"}],"replies":[{"embeddable":true,"href":"https:\/\/jugulajm.net\/index.php?rest_route=%2Fwp%2Fv2%2Fcomments&post=65754"}],"version-history":[{"count":0,"href":"https:\/\/jugulajm.net\/index.php?rest_route=\/wp\/v2\/posts\/65754\/revisions"}],"wp:featuredmedia":[{"embeddable":true,"href":"https:\/\/jugulajm.net\/index.php?rest_route=\/wp\/v2\/media\/65755"}],"wp:attachment":[{"href":"https:\/\/jugulajm.net\/index.php?rest_route=%2Fwp%2Fv2%2Fmedia&parent=65754"}],"wp:term":[{"taxonomy":"category","embeddable":true,"href":"https:\/\/jugulajm.net\/index.php?rest_route=%2Fwp%2Fv2%2Fcategories&post=65754"},{"taxonomy":"post_tag","embeddable":true,"href":"https:\/\/jugulajm.net\/index.php?rest_route=%2Fwp%2Fv2%2Ftags&post=65754"}],"curies":[{"name":"wp","href":"https:\/\/api.w.org\/{rel}","templated":true}]}}