{"id":65721,"date":"2023-09-28T15:52:20","date_gmt":"2023-09-28T13:52:20","guid":{"rendered":"https:\/\/jugulajm.net\/?p=65721"},"modified":"2023-09-28T15:52:20","modified_gmt":"2023-09-28T13:52:20","slug":"keta-jane-2-emrat-e-njohur-te-ps-qe-po-hetohen-nga-spak","status":"publish","type":"post","link":"https:\/\/jugulajm.net\/?p=65721","title":{"rendered":"K\u00ebta jan\u00eb 2 EMRAT e njohur t\u00eb PS q\u00eb po hetohen nga SPAK"},"content":{"rendered":"<p>Kreu i Prokuroris\u00eb s\u00eb Posa\u00e7me Altin Dumani ka pasur sot nj\u00eb takim me gazetar\u00ebt e kronik\u00ebs s\u00eb zez\u00eb, teksa \u00ebsht\u00eb zbuluar se \u00e7far\u00eb \u00ebsht\u00eb folur n\u00eb k\u00ebt\u00eb komunikim.<\/p>\n<p>Kryeprokurori ka bere me dije 2 emra t\u00eb tjer\u00eb, figura t\u00eb njohura e kryesore t\u00eb PS-s\u00eb jan\u00eb n\u00eb lup\u00ebn e SPAK.<\/p>\n<p>B\u00ebhet fjal\u00eb p\u00ebr ish-ministrin e Sh\u00ebndet\u00ebsis\u00eb Ilir Beqaj, ndaj t\u00eb cilit ka nisur automatikisht hetimi pasuror.<\/p>\n<p>Po k\u00ebshtu sipas SPAK p\u00ebr Damian Gjiknurin \u201cjan\u00eb duke u b\u00ebr\u00eb verifikime\u201d.<\/p>\n","protected":false},"excerpt":{"rendered":"<p>Kreu i Prokuroris\u00eb s\u00eb Posa\u00e7me Altin Dumani ka pasur sot nj\u00eb takim me gazetar\u00ebt e kronik\u00ebs s\u00eb zez\u00eb, teksa \u00ebsht\u00eb zbuluar se \u00e7far\u00eb \u00ebsht\u00eb folur n\u00eb k\u00ebt\u00eb komunikim. Kryeprokurori ka bere me dije 2 emra t\u00eb tjer\u00eb, figura t\u00eb njohura e kryesore t\u00eb PS-s\u00eb jan\u00eb n\u00eb lup\u00ebn e SPAK. B\u00ebhet fjal\u00eb p\u00ebr ish-ministrin e Sh\u00ebndet\u00ebsis\u00eb [&hellip;]<\/p>\n","protected":false},"author":5,"featured_media":54029,"comment_status":"closed","ping_status":"closed","sticky":false,"template":"","format":"standard","meta":{"footnotes":""},"categories":[1,6332],"tags":[26585],"class_list":{"0":"post-65721","1":"post","2":"type-post","3":"status-publish","4":"format-standard","5":"has-post-thumbnail","7":"category-aktualitet","8":"category-te-fundit","9":"tag-keta-jane-2-emrat-e-njohur-te-ps-qe-po-hetohen-nga-spak"},"_links":{"self":[{"href":"https:\/\/jugulajm.net\/index.php?rest_route=\/wp\/v2\/posts\/65721","targetHints":{"allow":["GET"]}}],"collection":[{"href":"https:\/\/jugulajm.net\/index.php?rest_route=\/wp\/v2\/posts"}],"about":[{"href":"https:\/\/jugulajm.net\/index.php?rest_route=\/wp\/v2\/types\/post"}],"author":[{"embeddable":true,"href":"https:\/\/jugulajm.net\/index.php?rest_route=\/wp\/v2\/users\/5"}],"replies":[{"embeddable":true,"href":"https:\/\/jugulajm.net\/index.php?rest_route=%2Fwp%2Fv2%2Fcomments&post=65721"}],"version-history":[{"count":0,"href":"https:\/\/jugulajm.net\/index.php?rest_route=\/wp\/v2\/posts\/65721\/revisions"}],"wp:featuredmedia":[{"embeddable":true,"href":"https:\/\/jugulajm.net\/index.php?rest_route=\/wp\/v2\/media\/54029"}],"wp:attachment":[{"href":"https:\/\/jugulajm.net\/index.php?rest_route=%2Fwp%2Fv2%2Fmedia&parent=65721"}],"wp:term":[{"taxonomy":"category","embeddable":true,"href":"https:\/\/jugulajm.net\/index.php?rest_route=%2Fwp%2Fv2%2Fcategories&post=65721"},{"taxonomy":"post_tag","embeddable":true,"href":"https:\/\/jugulajm.net\/index.php?rest_route=%2Fwp%2Fv2%2Ftags&post=65721"}],"curies":[{"name":"wp","href":"https:\/\/api.w.org\/{rel}","templated":true}]}}