{"id":65710,"date":"2023-09-28T12:25:53","date_gmt":"2023-09-28T10:25:53","guid":{"rendered":"https:\/\/jugulajm.net\/?p=65710"},"modified":"2023-09-28T12:27:14","modified_gmt":"2023-09-28T10:27:14","slug":"zbardhen-emrat-kush-jane-autoret-e-vrasjes-se-biznesmenit-cajup-selimit-ne-tepelene","status":"publish","type":"post","link":"https:\/\/jugulajm.net\/?p=65710","title":{"rendered":"Zbardhen emrat e autor\u00ebve t\u00eb vrasjes s\u00eb biznesmenit \u00c7ajup Selimi n\u00eb Tepelen\u00eb"},"content":{"rendered":"<p>D\u00ebshmia e t\u00eb penduarit t\u00eb drejt\u00ebsis\u00eb, Artan Tafani zbardhi gjasht\u00eb vrasje n\u00eb Shqip\u00ebri.<\/p>\n<p>Mes tyre \u00ebsht\u00eb edhe ekzekutimi i \u00c7ajup Selimit para sht\u00ebpis\u00eb s\u00eb tij n\u00eb Lagjen \u201c15 Shtatori\u201d 1 Qershor 2021 n\u00eb Tepelen\u00eb.<\/p>\n<p>Dyshohet se dikush e thirri 52-vje\u00e7arin t\u00eb dilte dhe m\u00eb pas e ekzekutoi.<\/p>\n<p>Sipas policis\u00eb n\u00eb at\u00eb koh\u00eb, autor\u00ebt e vrasjes dyshohet t\u00eb ishin dy persona.<\/p>\n<p>Pista e dyshimit mendohet konkurrenca, p\u00ebr shkak t\u00eb nj\u00eb biznesi q\u00eb Selimi kishte n\u00eb hyrje t\u00eb qytetit.<\/p>\n<p>Drejtori i policis\u00eb Muhamet Rrumbullaku deklaroi sot se autor\u00ebt e vrasjes jan\u00eb \u201cLaert Haxhiu, Artan Tafani, Erisiana Abedini, Lulzim Spahia, Ligor Romacka dhe Bujar Abdeini\u201d.<\/p>\n","protected":false},"excerpt":{"rendered":"<p>D\u00ebshmia e t\u00eb penduarit t\u00eb drejt\u00ebsis\u00eb, Artan Tafani zbardhi gjasht\u00eb vrasje n\u00eb Shqip\u00ebri. Mes tyre \u00ebsht\u00eb edhe ekzekutimi i \u00c7ajup Selimit para sht\u00ebpis\u00eb s\u00eb tij n\u00eb Lagjen \u201c15 Shtatori\u201d 1 Qershor 2021 n\u00eb Tepelen\u00eb. Dyshohet se dikush e thirri 52-vje\u00e7arin t\u00eb dilte dhe m\u00eb pas e ekzekutoi. Sipas policis\u00eb n\u00eb at\u00eb koh\u00eb, autor\u00ebt e vrasjes [&hellip;]<\/p>\n","protected":false},"author":5,"featured_media":65711,"comment_status":"closed","ping_status":"closed","sticky":false,"template":"","format":"standard","meta":{"footnotes":""},"categories":[1,6332],"tags":[26581],"class_list":{"0":"post-65710","1":"post","2":"type-post","3":"status-publish","4":"format-standard","5":"has-post-thumbnail","7":"category-aktualitet","8":"category-te-fundit","9":"tag-zbardhen-emrat-kush-jane-autoret-e-vrasjes-se-biznesmenit-cajup-selimit-ne-tepelene"},"_links":{"self":[{"href":"https:\/\/jugulajm.net\/index.php?rest_route=\/wp\/v2\/posts\/65710","targetHints":{"allow":["GET"]}}],"collection":[{"href":"https:\/\/jugulajm.net\/index.php?rest_route=\/wp\/v2\/posts"}],"about":[{"href":"https:\/\/jugulajm.net\/index.php?rest_route=\/wp\/v2\/types\/post"}],"author":[{"embeddable":true,"href":"https:\/\/jugulajm.net\/index.php?rest_route=\/wp\/v2\/users\/5"}],"replies":[{"embeddable":true,"href":"https:\/\/jugulajm.net\/index.php?rest_route=%2Fwp%2Fv2%2Fcomments&post=65710"}],"version-history":[{"count":0,"href":"https:\/\/jugulajm.net\/index.php?rest_route=\/wp\/v2\/posts\/65710\/revisions"}],"wp:featuredmedia":[{"embeddable":true,"href":"https:\/\/jugulajm.net\/index.php?rest_route=\/wp\/v2\/media\/65711"}],"wp:attachment":[{"href":"https:\/\/jugulajm.net\/index.php?rest_route=%2Fwp%2Fv2%2Fmedia&parent=65710"}],"wp:term":[{"taxonomy":"category","embeddable":true,"href":"https:\/\/jugulajm.net\/index.php?rest_route=%2Fwp%2Fv2%2Fcategories&post=65710"},{"taxonomy":"post_tag","embeddable":true,"href":"https:\/\/jugulajm.net\/index.php?rest_route=%2Fwp%2Fv2%2Ftags&post=65710"}],"curies":[{"name":"wp","href":"https:\/\/api.w.org\/{rel}","templated":true}]}}