{"id":65707,"date":"2023-09-28T11:36:16","date_gmt":"2023-09-28T09:36:16","guid":{"rendered":"https:\/\/jugulajm.net\/?p=65707"},"modified":"2023-09-28T11:36:16","modified_gmt":"2023-09-28T09:36:16","slug":"ja-cilat-jane-6-vrasjet-e-zbardhura-nga-i-penduari-tafani","status":"publish","type":"post","link":"https:\/\/jugulajm.net\/?p=65707","title":{"rendered":"Ja cilat jan\u00eb 6 vrasjet e zbardhura nga i penduari Tafani"},"content":{"rendered":"<p>Rr\u00ebfimi i t\u00eb penduarit t\u00eb drejt\u00ebsis\u00eb Artan alias Marjus Tafani soll\u00ebn zbardhjen e disa prej vrasjeve t\u00eb bujshme q\u00eb ka kryer grupi i Laert Haxhiut, armik i p\u00ebrbetuar me Aldo Baren.<\/p>\n<p><strong>1<\/strong>.K\u00ebshtu m\u00ebsohet se e \u00ebsht\u00eb zbardhur vrasja\u00a0<strong>Alban Semakut\u00a0<\/strong>q\u00eb njihej dhe me emrin Elton Mermali. Dikur, nj\u00eb ushtar besnik i band\u00ebs s\u00eb Aldo Bares, tanim\u00eb ai kishte konsideruar shk\u00ebputjen nga bota e jashtme, ashtu sikurse nat\u00ebn para se t\u00eb zhdukej, ku takimi i tij i fundit do t\u00eb ishte me n\u00ebn\u00ebn e tij, s\u00eb cil\u00ebs i tha se do t\u00eb shkonte deri te lulishtja dhe se do t\u00eb kthehej s\u00eb shpejti nd\u00ebrsa ajo e shoq\u00ebronte deri te dera. Ai u gjet m\u00eb 17 tetor 2021 i vrar\u00eb me dy plumba \u00a0dhe i hedhur pran\u00eb lumit Shkumbin n\u00eb Peqin, duke d\u00ebrguar k\u00ebshtu nj\u00eb mesazh p\u00ebr an\u00ebtar\u00ebt e tjer\u00eb t\u00eb grupit t\u00eb tij.<\/p>\n<p><strong>2<\/strong>-Dy muaj m\u00eb von\u00eb, n\u00eb dhjetor t\u00eb 2021 u vra 35 vje\u00e7ari\u00a0<strong>Albi Bashaliu\u00a0<\/strong>n\u00eb nj\u00eb fshat t\u00eb Elbasanit. \u00a0Ai nga dy persona t\u00eb cil\u00ebt e q\u00eblluan at\u00eb sapo doli nga automjeti. Pas e q\u00eblluan disa her\u00eb dhe u siguruan mir\u00eb q\u00eb kishte vdekur, autor\u00ebt i vun\u00eb flak\u00ebn automjetit t\u00eb tyre pasi nuk u ndez p\u00ebr t\u2019i larguar nga vendi i ngjarjes dhe u arratis\u00ebn me makin\u00ebn e viktim\u00ebs.<\/p>\n<p><strong>3-<\/strong>M\u00eb her\u00ebt n\u00eb qershor t\u00eb k\u00ebtij viti n\u00eb Kor\u00e7\u00eb ishte gjetur i vdekur nj\u00eb 25 vje\u00e7ar i quajtur\u00a0<strong>Fridmand Xhaferraj<\/strong>. Vrasja e t\u00eb riut n\u00eb at\u00eb koh\u00eb ishte e mbuluar me mister. Xhaferraj kishte humbur gjurm\u00ebt nga Kor\u00e7a n\u00eb muajin maj nd\u00ebrsa u gjet i vrar\u00eb me nj\u00eb mjet prer\u00ebs n\u00eb kok\u00eb, n\u00eb rezervuarin e Gjan\u00e7it n\u00eb Kor\u00e7\u00eb.<\/p>\n<p><strong>4-<\/strong>Vrasja tjet\u00ebr e zbardhur \u00ebsht\u00eb ajo e<strong>\u00a0Lulzim Qorrit,<\/strong>\u00a044 vje\u00e7arit nga Fieri i cili u ekzekutua n\u00eb Athin\u00eb. Viktima ishte duke pir\u00eb kafe n\u00eb nj\u00eb lokal n\u00eb rrug\u00ebn \u201cKritis\u201d shum\u00eb af\u00ebr sheshit q\u00ebndror \u201cOmonia\u201d. N\u00eb nj\u00eb mbr\u00ebmje t\u00eb dhjetorit 2018, dy persona ndalojn\u00eb me nj\u00eb moto\u00e7iklet\u00eb p\u00ebrpara kafes\u00eb e cila \u00ebsht\u00eb nj\u00eb vend ku mblidhen shqiptar\u00ebt dhe n\u00eb at\u00eb or\u00eb ishte plot, pasi klient\u00ebt po ndiqnin nj\u00eb ndeshje futbolli. Nj\u00ebri nga ekzekutor\u00ebt zbret posht\u00eb dhe q\u00eblloi tre her\u00eb n\u00eb kok\u00eb 44 vje\u00e7arin. M\u00eb pas ai i ka hipur moto\u00e7iklet\u00ebs dhe s\u00eb bashku me bashk\u00ebpun\u00ebtorin e tij jan\u00eb zhdukur nga vendgjarja.<\/p>\n<p><strong>5-<\/strong>Po n\u00eb tetor t\u00eb 2021 u vra n\u00eb Athin\u00eb 39-vje\u00e7ari\u00a0<strong>Dikens Halili<\/strong>. Ai u q\u00ebllua nga nj\u00eb burr\u00eb i maskuar dhe me kapele, i cili iu afrua pronarit n\u00eb k\u00ebmb\u00eb q\u00eb ishte jasht\u00eb kafenes\u00eb dhe po bisedonte me klient\u00ebt. Autori pasi q\u00eblloi mbi shqiptarin, u largua me nj\u00eb makin\u00eb. Viktima, Dikens Flamur Halili (Keli), nga Tepelena, dyshohet se ishte pronar i kafenes\u00eb dhe atentati ndodhi jasht\u00eb biznesit t\u00eb tij. 39-vje\u00e7ari, madje n\u00eb lokalin e tij ftonte edhe k\u00ebng\u00ebtar\u00eb t\u00eb njohur shqiptar, me t\u00eb cil\u00ebt thuhet se kishte edhe miq\u00ebsi p\u00ebr shkak edhe t\u00eb pun\u00ebs q\u00eb b\u00ebnte.\u00a0Sipas mediave greke, shqiptari \u00ebsht\u00eb nj\u00eb em\u00ebr i njohur p\u00ebr autoritetet greke pasi ishte me precedent t\u00eb m\u00ebparsh\u00ebm penal dhe dyshohet se vrasja ka ndodhur p\u00ebr larje hesapesh.<\/p>\n<p><strong>6-<\/strong>N\u00eb qershor 2021 biznesmeni\u00a0<strong>\u00c7ajup Selimi<em>\u00a0<\/em><\/strong>u vra n\u00eb der\u00eb t\u00eb sht\u00ebpis\u00eb n\u00eb Tepelen\u00eb n\u00eb lagjen \u201815 shtatori\u2019. Selimi, i cili ndodhej n\u00eb banes\u00ebn e tij n\u00eb nj\u00eb pallat n\u00eb lagjen \u201c15 shtatori\u201d n\u00eb Tepelen\u00eb \u00ebsht\u00eb thirrur nga nj\u00eb person n\u00eb katin e par\u00eb p\u00ebr t\u00eb zbritur posht\u00eb. N\u00eb k\u00ebt\u00eb moment 52-vje\u00e7ari ka dal\u00eb nga banes\u00eb p\u00ebr t\u00eb shkuar posht\u00eb, por nj\u00eb person tjet\u00ebr po e priste me arm\u00eb n\u00eb katin e dyt\u00eb, duke e q\u00eblluar 2 her\u00eb me pistolet\u00eb, ku nj\u00eb prej plumbave e ka kapur n\u00eb zem\u00ebr duke rezultuar fatal p\u00ebr t\u00eb. M\u00eb pas autor\u00ebt jan\u00eb larguar nga vendi i ngjarjes. Selimi ishte pronar i nj\u00eb biznesi n\u00eb qytet, nd\u00ebrsa m\u00eb par\u00eb ka qen\u00eb i p\u00ebrfshir\u00eb edhe n\u00eb disa konflikte p\u00ebr \u00e7\u00ebshtje konkurrence.<\/p>\n<p>I penduari Artan Tafani, ndodhet pas hekurave pasi u kap p\u00ebr grabitjen e nj\u00eb pike t\u00eb k\u00ebmbimit valutor n\u00eb Astir. Kujtojm\u00eb se Laert Haxhiu, i dyshuar si kreu i grupit, ndodhet n\u00eb Greqi i arrestuar, nd\u00ebrsa po p\u00ebrballet n\u00eb gjykat\u00eb p\u00ebr ekstradimin. Nd\u00ebrkoh\u00eb, Bledar Berberi, i akuzuar p\u00ebr vrasje, \u00ebsht\u00eb arrestuar. Po ashtu pas hekurave \u00ebsht\u00eb dhe Mariglen Topuzi, i dyshuar p\u00ebr vrasje, nd\u00ebrsa Firdeus Berberi, pjes\u00eb e grupit akuzohet p\u00ebr kanosje t\u00eb punonj\u00ebsve t\u00eb policis\u00eb, vjedhje automjeti q\u00eb me pas \u00ebsht\u00eb p\u00ebrdorur n\u00eb vrasje. Po ashtu b\u00ebhet e ditur se dy an\u00ebtar\u00eb t\u00eb tjer\u00eb t\u00eb grupit jan\u00eb t\u00eb arrestuar me her\u00ebt p\u00ebr krime t\u00eb tjera dhe ndodhen n\u00eb burg.<\/p>\n","protected":false},"excerpt":{"rendered":"<p>Rr\u00ebfimi i t\u00eb penduarit t\u00eb drejt\u00ebsis\u00eb Artan alias Marjus Tafani soll\u00ebn zbardhjen e disa prej vrasjeve t\u00eb bujshme q\u00eb ka kryer grupi i Laert Haxhiut, armik i p\u00ebrbetuar me Aldo Baren. 1.K\u00ebshtu m\u00ebsohet se e \u00ebsht\u00eb zbardhur vrasja\u00a0Alban Semakut\u00a0q\u00eb njihej dhe me emrin Elton Mermali. Dikur, nj\u00eb ushtar besnik i band\u00ebs s\u00eb Aldo Bares, tanim\u00eb [&hellip;]<\/p>\n","protected":false},"author":5,"featured_media":65708,"comment_status":"closed","ping_status":"closed","sticky":false,"template":"","format":"standard","meta":{"footnotes":""},"categories":[1,6332],"tags":[26580],"class_list":{"0":"post-65707","1":"post","2":"type-post","3":"status-publish","4":"format-standard","5":"has-post-thumbnail","7":"category-aktualitet","8":"category-te-fundit","9":"tag-ja-cilat-jane-6-vrasjet-e-zbardhura-nga-i-penduari-tafani"},"_links":{"self":[{"href":"https:\/\/jugulajm.net\/index.php?rest_route=\/wp\/v2\/posts\/65707","targetHints":{"allow":["GET"]}}],"collection":[{"href":"https:\/\/jugulajm.net\/index.php?rest_route=\/wp\/v2\/posts"}],"about":[{"href":"https:\/\/jugulajm.net\/index.php?rest_route=\/wp\/v2\/types\/post"}],"author":[{"embeddable":true,"href":"https:\/\/jugulajm.net\/index.php?rest_route=\/wp\/v2\/users\/5"}],"replies":[{"embeddable":true,"href":"https:\/\/jugulajm.net\/index.php?rest_route=%2Fwp%2Fv2%2Fcomments&post=65707"}],"version-history":[{"count":0,"href":"https:\/\/jugulajm.net\/index.php?rest_route=\/wp\/v2\/posts\/65707\/revisions"}],"wp:featuredmedia":[{"embeddable":true,"href":"https:\/\/jugulajm.net\/index.php?rest_route=\/wp\/v2\/media\/65708"}],"wp:attachment":[{"href":"https:\/\/jugulajm.net\/index.php?rest_route=%2Fwp%2Fv2%2Fmedia&parent=65707"}],"wp:term":[{"taxonomy":"category","embeddable":true,"href":"https:\/\/jugulajm.net\/index.php?rest_route=%2Fwp%2Fv2%2Fcategories&post=65707"},{"taxonomy":"post_tag","embeddable":true,"href":"https:\/\/jugulajm.net\/index.php?rest_route=%2Fwp%2Fv2%2Ftags&post=65707"}],"curies":[{"name":"wp","href":"https:\/\/api.w.org\/{rel}","templated":true}]}}