{"id":65682,"date":"2023-09-27T21:15:59","date_gmt":"2023-09-27T19:15:59","guid":{"rendered":"https:\/\/jugulajm.net\/?p=65682"},"modified":"2023-09-27T21:25:34","modified_gmt":"2023-09-27T19:25:34","slug":"brenda-shkolles-me-vetem-1-nxenes-mesuesja-udheton-2-ore-per-ne-fshat","status":"publish","type":"post","link":"https:\/\/jugulajm.net\/?p=65682","title":{"rendered":"Brenda shkoll\u00ebs me vet\u00ebm 1 nx\u00ebn\u00ebs, m\u00ebsuesja udh\u00ebton 2 or\u00eb p\u00ebr n\u00eb fshat"},"content":{"rendered":"<p>Sot n\u00eb \u201cFtes\u00eb n\u00eb 5\u201d u trajtua nj\u00eb ngjarje reale n\u00eb fshatin Boshanj\u00eb t\u00eb Kolonj\u00ebs.<\/p>\n<p>Fshati q\u00eb ka vet\u00ebm 15 sht\u00ebpi, nj\u00eb shkoll\u00eb dhe brenda saj studion vet\u00ebm nj\u00eb nx\u00ebn\u00ebse, Alesia.<\/p>\n<p>M\u00ebsuese Enverie Elezi udh\u00ebton p\u00ebr m\u00eb shum\u00eb se 1 or\u00eb e gjysm\u00eb nga Kor\u00e7a p\u00ebr t\u00eb shkuar n\u00eb shkoll\u00ebn e Boshanj\u00ebs, aty ku e pret vet\u00ebm Alesia.<\/p>\n<p>\u201cRruga mu duk e v\u00ebshtir\u00eb, shkolla \u00ebsht\u00eb n\u00eb rregull. Aty m\u00ebsova q\u00eb nuk do kisha at\u00eb q\u00eb kisha imagjinuar, shum\u00eb nx\u00ebn\u00ebs q\u00eb gum\u00ebzhijn\u00eb dhe nj\u00eb klas\u00eb plot me f\u00ebmij\u00eb q\u00eb bisedojn\u00eb me nj\u00ebri-tjetrin, por m\u00ebsova q\u00eb ishte vet\u00ebm nj\u00eb nx\u00ebn\u00ebse. Por \u00ebsht\u00eb shum\u00eb mir\u00eb edhe k\u00ebshtu. Kam d\u00ebshir\u00ebn q\u00eb Alesias t\u00eb mos i mungoj\u00eb asgj\u00eb\u201d, u shpreh nd\u00ebr t\u00eb tjera Elezi, e njohur tashm\u00eb si m\u00ebsuese &#8216;Ena&#8217;.<\/p>\n","protected":false},"excerpt":{"rendered":"<p>Sot n\u00eb \u201cFtes\u00eb n\u00eb 5\u201d u trajtua nj\u00eb ngjarje reale n\u00eb fshatin Boshanj\u00eb t\u00eb Kolonj\u00ebs. Fshati q\u00eb ka vet\u00ebm 15 sht\u00ebpi, nj\u00eb shkoll\u00eb dhe brenda saj studion vet\u00ebm nj\u00eb nx\u00ebn\u00ebse, Alesia. M\u00ebsuese Enverie Elezi udh\u00ebton p\u00ebr m\u00eb shum\u00eb se 1 or\u00eb e gjysm\u00eb nga Kor\u00e7a p\u00ebr t\u00eb shkuar n\u00eb shkoll\u00ebn e Boshanj\u00ebs, aty ku e [&hellip;]<\/p>\n","protected":false},"author":5,"featured_media":65683,"comment_status":"closed","ping_status":"closed","sticky":false,"template":"","format":"standard","meta":{"footnotes":""},"categories":[7520,6332],"tags":[26565,26566],"class_list":{"0":"post-65682","1":"post","2":"type-post","3":"status-publish","4":"format-standard","5":"has-post-thumbnail","7":"category-arsim","8":"category-te-fundit","9":"tag-brenda-shkolles-me-vetem-1-nxenes","10":"tag-mesuesja-udheton-2-ore-per-ne-fshat"},"_links":{"self":[{"href":"https:\/\/jugulajm.net\/index.php?rest_route=\/wp\/v2\/posts\/65682","targetHints":{"allow":["GET"]}}],"collection":[{"href":"https:\/\/jugulajm.net\/index.php?rest_route=\/wp\/v2\/posts"}],"about":[{"href":"https:\/\/jugulajm.net\/index.php?rest_route=\/wp\/v2\/types\/post"}],"author":[{"embeddable":true,"href":"https:\/\/jugulajm.net\/index.php?rest_route=\/wp\/v2\/users\/5"}],"replies":[{"embeddable":true,"href":"https:\/\/jugulajm.net\/index.php?rest_route=%2Fwp%2Fv2%2Fcomments&post=65682"}],"version-history":[{"count":0,"href":"https:\/\/jugulajm.net\/index.php?rest_route=\/wp\/v2\/posts\/65682\/revisions"}],"wp:featuredmedia":[{"embeddable":true,"href":"https:\/\/jugulajm.net\/index.php?rest_route=\/wp\/v2\/media\/65683"}],"wp:attachment":[{"href":"https:\/\/jugulajm.net\/index.php?rest_route=%2Fwp%2Fv2%2Fmedia&parent=65682"}],"wp:term":[{"taxonomy":"category","embeddable":true,"href":"https:\/\/jugulajm.net\/index.php?rest_route=%2Fwp%2Fv2%2Fcategories&post=65682"},{"taxonomy":"post_tag","embeddable":true,"href":"https:\/\/jugulajm.net\/index.php?rest_route=%2Fwp%2Fv2%2Ftags&post=65682"}],"curies":[{"name":"wp","href":"https:\/\/api.w.org\/{rel}","templated":true}]}}