{"id":65678,"date":"2023-09-27T20:21:53","date_gmt":"2023-09-27T18:21:53","guid":{"rendered":"https:\/\/jugulajm.net\/?p=65678"},"modified":"2023-09-27T20:22:28","modified_gmt":"2023-09-27T18:22:28","slug":"foto-ja-kusheshte-personi-i-vrare-mbremjen-e-sotme","status":"publish","type":"post","link":"https:\/\/jugulajm.net\/?p=65678","title":{"rendered":"FOTO\/ Ja kush \u00ebsht\u00eb personi i vrar\u00eb mbr\u00ebmjen e sotme"},"content":{"rendered":"<p>Nj\u00eb atentat ka ndodhur mbr\u00ebmjen e sotme n\u00eb Dukagjin.<\/p>\n<p>M\u00ebsohet se nga atentati nj\u00eb person ka mbetur i vdekur n\u00eb vend, nd\u00ebrkoh\u00eb q\u00eb nj\u00eb tjet\u00ebr \u00ebsht\u00eb plagosur r\u00ebnd\u00eb.<\/p>\n<p>Viktima \u00ebsht\u00eb identifikuar si Zef Guri, nd\u00ebrsa Gjin Guri \u00ebsht\u00eb plagosur r\u00ebnd\u00eb.<\/p>\n<p>Shkaqet e krimit jan\u00eb ende t\u00eb panjohura.<\/p>\n<p>Kjo \u00ebsht\u00eb vrasja e tret\u00eb radhazi n\u00eb dy dit\u00ebt e fundit.<\/p>\n<p>Kujtojm\u00eb dje ka pasur vrasje n\u00eb Rr\u00ebshen, sot n\u00eb mengjes n\u00eb Durr\u00ebs dhe tani n\u00eb mbr\u00ebmje n\u00eb Dukagjin.<\/p>\n","protected":false},"excerpt":{"rendered":"<p>Nj\u00eb atentat ka ndodhur mbr\u00ebmjen e sotme n\u00eb Dukagjin. M\u00ebsohet se nga atentati nj\u00eb person ka mbetur i vdekur n\u00eb vend, nd\u00ebrkoh\u00eb q\u00eb nj\u00eb tjet\u00ebr \u00ebsht\u00eb plagosur r\u00ebnd\u00eb. Viktima \u00ebsht\u00eb identifikuar si Zef Guri, nd\u00ebrsa Gjin Guri \u00ebsht\u00eb plagosur r\u00ebnd\u00eb. Shkaqet e krimit jan\u00eb ende t\u00eb panjohura. Kjo \u00ebsht\u00eb vrasja e tret\u00eb radhazi n\u00eb dy [&hellip;]<\/p>\n","protected":false},"author":5,"featured_media":65679,"comment_status":"closed","ping_status":"closed","sticky":false,"template":"","format":"standard","meta":{"footnotes":""},"categories":[1,6332],"tags":[26564],"class_list":{"0":"post-65678","1":"post","2":"type-post","3":"status-publish","4":"format-standard","5":"has-post-thumbnail","7":"category-aktualitet","8":"category-te-fundit","9":"tag-foto-ja-kusheshte-personi-i-vrare-mbremjen-e-sotme"},"_links":{"self":[{"href":"https:\/\/jugulajm.net\/index.php?rest_route=\/wp\/v2\/posts\/65678","targetHints":{"allow":["GET"]}}],"collection":[{"href":"https:\/\/jugulajm.net\/index.php?rest_route=\/wp\/v2\/posts"}],"about":[{"href":"https:\/\/jugulajm.net\/index.php?rest_route=\/wp\/v2\/types\/post"}],"author":[{"embeddable":true,"href":"https:\/\/jugulajm.net\/index.php?rest_route=\/wp\/v2\/users\/5"}],"replies":[{"embeddable":true,"href":"https:\/\/jugulajm.net\/index.php?rest_route=%2Fwp%2Fv2%2Fcomments&post=65678"}],"version-history":[{"count":0,"href":"https:\/\/jugulajm.net\/index.php?rest_route=\/wp\/v2\/posts\/65678\/revisions"}],"wp:featuredmedia":[{"embeddable":true,"href":"https:\/\/jugulajm.net\/index.php?rest_route=\/wp\/v2\/media\/65679"}],"wp:attachment":[{"href":"https:\/\/jugulajm.net\/index.php?rest_route=%2Fwp%2Fv2%2Fmedia&parent=65678"}],"wp:term":[{"taxonomy":"category","embeddable":true,"href":"https:\/\/jugulajm.net\/index.php?rest_route=%2Fwp%2Fv2%2Fcategories&post=65678"},{"taxonomy":"post_tag","embeddable":true,"href":"https:\/\/jugulajm.net\/index.php?rest_route=%2Fwp%2Fv2%2Ftags&post=65678"}],"curies":[{"name":"wp","href":"https:\/\/api.w.org\/{rel}","templated":true}]}}