{"id":65632,"date":"2023-09-26T21:07:00","date_gmt":"2023-09-26T19:07:00","guid":{"rendered":"https:\/\/jugulajm.net\/?p=65632"},"modified":"2023-09-26T21:07:00","modified_gmt":"2023-09-26T19:07:00","slug":"rikthehet-covid-19-ne-dy-jave-ne-shqiperi-regjistrohen-1200-raste-te-reja","status":"publish","type":"post","link":"https:\/\/jugulajm.net\/?p=65632","title":{"rendered":"Rikthehet Covid-19, n\u00eb dy jav\u00eb n\u00eb Shqip\u00ebri regjistrohen 1200 raste t\u00eb reja"},"content":{"rendered":"<p>N\u00eb harkun kohor prej dy jav\u00ebsh situata e Covid ka nj\u00eb rritje t\u00eb ndjeshme ku, numri i qytetar\u00ebve q\u00eb raportohen pozitiv n\u00eb ISHP n\u00eb nj\u00eb jav\u00eb \u00ebsht\u00eb dyfishuar.<\/p>\n<p>\u201cCovidi ka disa jav\u00eb q\u00eb ka sunduar, q\u00eb do t\u00eb thot\u00eb se jemi me nj\u00eb nivel nga 1100 n\u00eb 1200 rast n\u00eb jav\u00eb. Duke qen\u00eb se jemi n\u00eb sezsonin e vejsht\u00ebs do t\u00eb kemi nj\u00eb tendenc\u00eb n\u00eb rritje.\u201d\u2013 tha Eguna Tomini.<\/p>\n<p>Epidemiolog\u00ebt thon\u00eb se ka nj\u00eb bashk\u00ebqarkullim t\u00eb shum\u00eb virozave, simptomat e t\u00eb cilave ngat\u00ebrrohen edhe me covidin, por tashm\u00eb \u00ebsht\u00eb v\u00ebn\u00eb re se covidi prek edhe sistemin gastroitenstinal.<\/p>\n<p>\u201cVirozat dhe enterovirozat mund t\u00eb kombinohen me nj\u00ebri-tjetrin, pasi kan\u00eb ngjashm\u00ebri t\u00eb ingfeksioneve respiratore me nj\u00ebri-tjetrin. Ka edhe Covid interstinal q\u00eb shoq\u00ebrohet me \u00e7rregullime gastro-interstinale\u201d- tha Eguna Tomini.<\/p>\n<p>Me rritjen e numrit t\u00eb rasteve t\u00eb prekur ka ndryshuar edhe situata n\u00eb spital, pasi ka t\u00eb shtruar jo vet\u00ebm n\u00eb\u00a0 pediatri apo sh\u00ebrbim infektiv por ka edhe n\u00eb terapi intensive.<\/p>\n<p>\u201cEdhen\u00eb pediatri edhe n\u00eb spitalin infektiv, kemi raste t\u00eb hostipalizuara edhe me klinik\u00ebt\u00eb mesme edhe me klinik\u00eb m\u00eb t\u00eb r\u00ebnduar q\u00eb kan\u00eb k\u00ebrkuar terapi intensive. Nuk duhet t\u00eb neglizhohet asnj\u00eb shenj\u00eb, sepse nuk duhet t\u00eb lejojm\u00eb mbivendosjen e infeksioneve\u201d- tha Eguna Tomini.<\/p>\n<p>Epidemiolog\u00ebt thon\u00eb se jemi n\u00eb periudh\u00ebn kur duhet t\u00eb respektojm\u00eb masat e rekomanduara nga Organizata Bot\u00ebrore e Sh\u00ebndet\u00ebsi\u00eb, pasi pritet t\u00eb kemi nj\u00eb nj\u00eb rritje t\u00eb kurb\u00ebs epdiemiologjike edhe p\u00ebr shkak t\u00eb gripit q\u00eb do t\u00eb bashk\u00ebqarkulloj\u00eb.<\/p>\n","protected":false},"excerpt":{"rendered":"<p>N\u00eb harkun kohor prej dy jav\u00ebsh situata e Covid ka nj\u00eb rritje t\u00eb ndjeshme ku, numri i qytetar\u00ebve q\u00eb raportohen pozitiv n\u00eb ISHP n\u00eb nj\u00eb jav\u00eb \u00ebsht\u00eb dyfishuar. \u201cCovidi ka disa jav\u00eb q\u00eb ka sunduar, q\u00eb do t\u00eb thot\u00eb se jemi me nj\u00eb nivel nga 1100 n\u00eb 1200 rast n\u00eb jav\u00eb. Duke qen\u00eb se jemi [&hellip;]<\/p>\n","protected":false},"author":5,"featured_media":63689,"comment_status":"closed","ping_status":"closed","sticky":false,"template":"","format":"standard","meta":{"footnotes":""},"categories":[1,6332],"tags":[26540,26539],"class_list":{"0":"post-65632","1":"post","2":"type-post","3":"status-publish","4":"format-standard","5":"has-post-thumbnail","7":"category-aktualitet","8":"category-te-fundit","9":"tag-ne-dy-jave-ne-shqiperi-regjistrohen-1200-raste-te-reja","10":"tag-rikthehet-covid-19"},"_links":{"self":[{"href":"https:\/\/jugulajm.net\/index.php?rest_route=\/wp\/v2\/posts\/65632","targetHints":{"allow":["GET"]}}],"collection":[{"href":"https:\/\/jugulajm.net\/index.php?rest_route=\/wp\/v2\/posts"}],"about":[{"href":"https:\/\/jugulajm.net\/index.php?rest_route=\/wp\/v2\/types\/post"}],"author":[{"embeddable":true,"href":"https:\/\/jugulajm.net\/index.php?rest_route=\/wp\/v2\/users\/5"}],"replies":[{"embeddable":true,"href":"https:\/\/jugulajm.net\/index.php?rest_route=%2Fwp%2Fv2%2Fcomments&post=65632"}],"version-history":[{"count":0,"href":"https:\/\/jugulajm.net\/index.php?rest_route=\/wp\/v2\/posts\/65632\/revisions"}],"wp:featuredmedia":[{"embeddable":true,"href":"https:\/\/jugulajm.net\/index.php?rest_route=\/wp\/v2\/media\/63689"}],"wp:attachment":[{"href":"https:\/\/jugulajm.net\/index.php?rest_route=%2Fwp%2Fv2%2Fmedia&parent=65632"}],"wp:term":[{"taxonomy":"category","embeddable":true,"href":"https:\/\/jugulajm.net\/index.php?rest_route=%2Fwp%2Fv2%2Fcategories&post=65632"},{"taxonomy":"post_tag","embeddable":true,"href":"https:\/\/jugulajm.net\/index.php?rest_route=%2Fwp%2Fv2%2Ftags&post=65632"}],"curies":[{"name":"wp","href":"https:\/\/api.w.org\/{rel}","templated":true}]}}