{"id":65625,"date":"2023-09-26T18:25:26","date_gmt":"2023-09-26T16:25:26","guid":{"rendered":"https:\/\/jugulajm.net\/?p=65625"},"modified":"2023-09-26T18:26:20","modified_gmt":"2023-09-26T16:26:20","slug":"emri-avokati-arrestohet-nga-spak-ja-arsyeja","status":"publish","type":"post","link":"https:\/\/jugulajm.net\/?p=65625","title":{"rendered":"EMRI\/ Avokati arrestohet nga SPAK, ja arsyeja&#8230;"},"content":{"rendered":"<p>Nj\u00eb avokat \u00ebsht\u00eb v\u00ebn\u00eb n\u00eb pranga pasi akuzohet se ka ndikuar n\u00eb m\u00ebnyr\u00eb t\u00eb paligjshme n\u00eb vitin 2021, kur ishte punonj\u00ebs n\u00eb Prokurorin\u00eb e Kuk\u00ebsit q\u00eb t\u00eb leht\u00ebsohej nj\u00eb mas\u00eb sigurie.<\/p>\n<p>38-vje\u00e7ari Arian Cengu, me profesion avokat i \u00ebsht\u00eb caktuar masa e siguris\u00eb \u201carrest me burg\u201d p\u00ebr vepr\u00ebn penale \u201cushtrim i ndikimit t\u00eb paligjsh\u00ebm ndaj personave q\u00eb ushtrojn\u00eb funksione publike\u201d.<\/p>\n<p>Policia njofton se dyshohet se m\u00eb dat\u00eb 5 Mars 2021, koh\u00eb kur ai ishte punonj\u00ebs n\u00eb Prokurorin\u00eb e Kuk\u00ebsit, ka ushtruar ndikim t\u00eb paligjsh\u00ebm, p\u00ebr t\u00eb leht\u00ebsuar mas\u00ebn e siguris\u00eb, t\u00eb caktuar ndaj shtetasit F. I.<\/p>\n<p>Ndalimi i k\u00ebtij shtetasi u b\u00eb i mundur si rezultat i bashk\u00ebpunimit nd\u00ebrmjet Drejtoris\u00eb s\u00eb Forc\u00ebs s\u00eb Posa\u00e7me Operacionale, n\u00eb DPPSH, dhe Drejtoris\u00eb Vendore t\u00eb Policis\u00eb Kuk\u00ebs.<\/p>\n<p>Materialet procedurale i kaluan Prokuroris\u00eb s\u00eb Posa\u00e7me kund\u00ebr Korrupsionit dhe Krimit t\u00eb Organizuar, p\u00ebr veprime t\u00eb m\u00ebtejshme.<\/p>\n","protected":false},"excerpt":{"rendered":"<p>Nj\u00eb avokat \u00ebsht\u00eb v\u00ebn\u00eb n\u00eb pranga pasi akuzohet se ka ndikuar n\u00eb m\u00ebnyr\u00eb t\u00eb paligjshme n\u00eb vitin 2021, kur ishte punonj\u00ebs n\u00eb Prokurorin\u00eb e Kuk\u00ebsit q\u00eb t\u00eb leht\u00ebsohej nj\u00eb mas\u00eb sigurie. 38-vje\u00e7ari Arian Cengu, me profesion avokat i \u00ebsht\u00eb caktuar masa e siguris\u00eb \u201carrest me burg\u201d p\u00ebr vepr\u00ebn penale \u201cushtrim i ndikimit t\u00eb paligjsh\u00ebm ndaj [&hellip;]<\/p>\n","protected":false},"author":5,"featured_media":52047,"comment_status":"closed","ping_status":"closed","sticky":false,"template":"","format":"standard","meta":{"footnotes":""},"categories":[1,6332],"tags":[26536,20856],"class_list":{"0":"post-65625","1":"post","2":"type-post","3":"status-publish","4":"format-standard","5":"has-post-thumbnail","7":"category-aktualitet","8":"category-te-fundit","9":"tag-emri-avokati-arrestohet-nga-spak","10":"tag-ja-arsyeja"},"_links":{"self":[{"href":"https:\/\/jugulajm.net\/index.php?rest_route=\/wp\/v2\/posts\/65625","targetHints":{"allow":["GET"]}}],"collection":[{"href":"https:\/\/jugulajm.net\/index.php?rest_route=\/wp\/v2\/posts"}],"about":[{"href":"https:\/\/jugulajm.net\/index.php?rest_route=\/wp\/v2\/types\/post"}],"author":[{"embeddable":true,"href":"https:\/\/jugulajm.net\/index.php?rest_route=\/wp\/v2\/users\/5"}],"replies":[{"embeddable":true,"href":"https:\/\/jugulajm.net\/index.php?rest_route=%2Fwp%2Fv2%2Fcomments&post=65625"}],"version-history":[{"count":0,"href":"https:\/\/jugulajm.net\/index.php?rest_route=\/wp\/v2\/posts\/65625\/revisions"}],"wp:featuredmedia":[{"embeddable":true,"href":"https:\/\/jugulajm.net\/index.php?rest_route=\/wp\/v2\/media\/52047"}],"wp:attachment":[{"href":"https:\/\/jugulajm.net\/index.php?rest_route=%2Fwp%2Fv2%2Fmedia&parent=65625"}],"wp:term":[{"taxonomy":"category","embeddable":true,"href":"https:\/\/jugulajm.net\/index.php?rest_route=%2Fwp%2Fv2%2Fcategories&post=65625"},{"taxonomy":"post_tag","embeddable":true,"href":"https:\/\/jugulajm.net\/index.php?rest_route=%2Fwp%2Fv2%2Ftags&post=65625"}],"curies":[{"name":"wp","href":"https:\/\/api.w.org\/{rel}","templated":true}]}}