{"id":65591,"date":"2023-09-25T20:41:29","date_gmt":"2023-09-25T18:41:29","guid":{"rendered":"https:\/\/jugulajm.net\/?p=65591"},"modified":"2023-09-25T20:41:29","modified_gmt":"2023-09-25T18:41:29","slug":"emri-foto-ja-kush-eshte-shqiptari-40-vjecar-qe-u-arratis-nga-burgu-italian","status":"publish","type":"post","link":"https:\/\/jugulajm.net\/?p=65591","title":{"rendered":"EMRI-FOTO\/ Ja kush \u00ebsht\u00eb shqiptari 40-vje\u00e7ar, q\u00eb u arratis nga burgu italian"},"content":{"rendered":"<p>Detaje t\u00eb reja jan\u00eb zbardhur n\u00eb lidhje me arratisjen nga burgu t\u00eb 40-vje\u00e7arit shqiptar n\u00eb Itali.<\/p>\n<p>Arratisja e Roland Dedjas b\u00ebri buj\u00eb n\u00eb mediat italiane duke e krahasuar me nj\u00eb skenar t\u00eb p\u00ebrshtatsh\u00ebm p\u00ebr film.<\/p>\n<p>Dedja me origjin\u00eb nga Durr\u00ebsi u arratis m\u00ebngjesin e sot\u00ebm nga burgu i Teramos n\u00eb Abruzo pasi akuzohet p\u00ebr drog\u00eb dhe grabitje.<\/p>\n<p>Por mesa duket arratisja e sotme nuk qenka hera e par\u00eb pasi raportohet se n\u00eb vitin 2010 40-vje\u00e7ari \u00ebsht\u00eb arratisur nga burgu i Pisas, s\u00eb bashku me nj\u00eb tjet\u00ebr shqiptar ku akuzohej p\u00ebr vrasjen e shqiptarit Shp\u00ebtim Cupa n\u00eb Brescia.<\/p>\n<p>Autoritet italiane dyshojn\u00eb Dedja ndodhet n\u00eb qytetin e Abruzzos.<\/p>\n<p>Ai u arratis p\u00ebr mes nj\u00eb droni pasi preu telat e dritares s\u00eb qelis\u00eb dhe \u00ebsht\u00eb hedhur n\u00eb rrug\u00eb i lidhur me litar.<\/p>\n<p><img loading=\"lazy\" loading=\"lazy\" decoding=\"async\" class=\"size-large wp-image-2260032 lazy-loaded\" src=\"https:\/\/www.balkanweb.com\/wp-content\/uploads\/2023\/09\/0c84aaa3-8011-46a2-8bb1-c840ccd32734-584x350.jpg\" sizes=\"auto, (max-width: 584px) 100vw, 584px\" srcset=\"https:\/\/www.balkanweb.com\/wp-content\/uploads\/2023\/09\/0c84aaa3-8011-46a2-8bb1-c840ccd32734-584x350.jpg 584w, https:\/\/www.balkanweb.com\/wp-content\/uploads\/2023\/09\/0c84aaa3-8011-46a2-8bb1-c840ccd32734-400x240.jpg 400w, https:\/\/www.balkanweb.com\/wp-content\/uploads\/2023\/09\/0c84aaa3-8011-46a2-8bb1-c840ccd32734-768x461.jpg 768w, https:\/\/www.balkanweb.com\/wp-content\/uploads\/2023\/09\/0c84aaa3-8011-46a2-8bb1-c840ccd32734-370x222.jpg 370w, https:\/\/www.balkanweb.com\/wp-content\/uploads\/2023\/09\/0c84aaa3-8011-46a2-8bb1-c840ccd32734-113x68.jpg 113w, https:\/\/www.balkanweb.com\/wp-content\/uploads\/2023\/09\/0c84aaa3-8011-46a2-8bb1-c840ccd32734-750x450.jpg 750w, https:\/\/www.balkanweb.com\/wp-content\/uploads\/2023\/09\/0c84aaa3-8011-46a2-8bb1-c840ccd32734.jpg 1024w\" alt=\"0c84aaa3 8011 46a2 8bb1 C840ccd32734\" width=\"584\" height=\"350\" data-lazy-type=\"image\" data-src=\"https:\/\/www.balkanweb.com\/wp-content\/uploads\/2023\/09\/0c84aaa3-8011-46a2-8bb1-c840ccd32734-584x350.jpg\" data-srcset=\"\" \/><\/p>\n","protected":false},"excerpt":{"rendered":"<p>Detaje t\u00eb reja jan\u00eb zbardhur n\u00eb lidhje me arratisjen nga burgu t\u00eb 40-vje\u00e7arit shqiptar n\u00eb Itali. Arratisja e Roland Dedjas b\u00ebri buj\u00eb n\u00eb mediat italiane duke e krahasuar me nj\u00eb skenar t\u00eb p\u00ebrshtatsh\u00ebm p\u00ebr film. Dedja me origjin\u00eb nga Durr\u00ebsi u arratis m\u00ebngjesin e sot\u00ebm nga burgu i Teramos n\u00eb Abruzo pasi akuzohet p\u00ebr drog\u00eb [&hellip;]<\/p>\n","protected":false},"author":5,"featured_media":65592,"comment_status":"closed","ping_status":"closed","sticky":false,"template":"","format":"standard","meta":{"footnotes":""},"categories":[1,6332],"tags":[26514,26515],"class_list":{"0":"post-65591","1":"post","2":"type-post","3":"status-publish","4":"format-standard","5":"has-post-thumbnail","7":"category-aktualitet","8":"category-te-fundit","9":"tag-emri-foto-ja-kush-eshte-shqiptari-40-vjecar","10":"tag-qe-u-arratis-nga-burgu-italian"},"_links":{"self":[{"href":"https:\/\/jugulajm.net\/index.php?rest_route=\/wp\/v2\/posts\/65591","targetHints":{"allow":["GET"]}}],"collection":[{"href":"https:\/\/jugulajm.net\/index.php?rest_route=\/wp\/v2\/posts"}],"about":[{"href":"https:\/\/jugulajm.net\/index.php?rest_route=\/wp\/v2\/types\/post"}],"author":[{"embeddable":true,"href":"https:\/\/jugulajm.net\/index.php?rest_route=\/wp\/v2\/users\/5"}],"replies":[{"embeddable":true,"href":"https:\/\/jugulajm.net\/index.php?rest_route=%2Fwp%2Fv2%2Fcomments&post=65591"}],"version-history":[{"count":0,"href":"https:\/\/jugulajm.net\/index.php?rest_route=\/wp\/v2\/posts\/65591\/revisions"}],"wp:featuredmedia":[{"embeddable":true,"href":"https:\/\/jugulajm.net\/index.php?rest_route=\/wp\/v2\/media\/65592"}],"wp:attachment":[{"href":"https:\/\/jugulajm.net\/index.php?rest_route=%2Fwp%2Fv2%2Fmedia&parent=65591"}],"wp:term":[{"taxonomy":"category","embeddable":true,"href":"https:\/\/jugulajm.net\/index.php?rest_route=%2Fwp%2Fv2%2Fcategories&post=65591"},{"taxonomy":"post_tag","embeddable":true,"href":"https:\/\/jugulajm.net\/index.php?rest_route=%2Fwp%2Fv2%2Ftags&post=65591"}],"curies":[{"name":"wp","href":"https:\/\/api.w.org\/{rel}","templated":true}]}}