{"id":65552,"date":"2023-09-25T09:22:46","date_gmt":"2023-09-25T07:22:46","guid":{"rendered":"https:\/\/jugulajm.net\/?p=65552"},"modified":"2023-09-25T09:24:00","modified_gmt":"2023-09-25T07:24:00","slug":"zjarret-ne-tepelene-prangoset-48-vjecari-nga-sinanaj-procedohen-59-vjecari-nga-turani-dhe-50-vjecari-nga-dhemblani","status":"publish","type":"post","link":"https:\/\/jugulajm.net\/?p=65552","title":{"rendered":"Zjarret n\u00eb Tepelen\u00eb\/ Prangoset  48-vje\u00e7ari nga Sinanaj, procedohen 1 shtetas nga Turani dhe 1 nga Dh\u00ebmblani"},"content":{"rendered":"<p>Nj\u00eb person ka r\u00ebn\u00eb n\u00eb prangat e policis\u00eb s\u00eb Tepelen\u00ebs dhe dy t\u00eb tjer\u00eb jan\u00eb v\u00ebn\u00eb n\u00eb hetim p\u00ebr zjarret e r\u00ebna n\u00eb fshatrat Dor\u00ebz, Turan dhe Dh\u00ebmblan.<\/p>\n<p>Sipas policis\u00eb k\u00ebta shtetas akuzohen se kan\u00eb ndezur zjarre n\u00eb k\u00ebto fshatra.<\/p>\n<p>Policia thekson si i arrestuar \u00ebsht\u00eb nj\u00eb 48-vje\u00e7ar banues n\u00eb fshatin Sinanaj, Tepelen\u00eb, pasi dyshohet se ka ndezur zjarr p\u00ebr hapjen e kullot\u00ebs, n\u00eb fshatin Dor\u00ebz, Tepelen\u00eb dhe si pasoj\u00eb e p\u00ebrhapjes s\u00eb flak\u00ebve \u00ebsht\u00eb djegur nj\u00eb sip\u00ebrfaqe e madhe kullote me bim\u00ebsi t\u00eb eg\u00ebr.<\/p>\n<p>Gjithashtu, nisi procedimi n\u00eb gjendje t\u00eb lir\u00eb p\u00ebr nj\u00eb 59-vje\u00e7ar banues n\u00eb fshatin Turan, Tepelen\u00eb, pasi dyshohet se ka ndezur zjarr n\u00eb vendin e quajtur \u201cBregu i Gjodhim\u00ebs\u201d, n\u00eb fshatin Turan dhe nj\u00eb 50 vje\u00e7ar, banues n\u00eb fshatin Dh\u00ebmblan, Tepelen\u00eb, pasi dyshohet se ka ndezur zjarr n\u00eb vendin e quajtur \u201cDafina\u201d, n\u00eb fshatin Dh\u00ebmblan.<\/p>\n<p>Materialet procedurale i kaluan Prokuroris\u00eb pran\u00eb Gjykat\u00ebs s\u00eb Shkall\u00ebs s\u00eb Par\u00eb t\u00eb Juridiksionit t\u00eb P\u00ebrgjithsh\u00ebm Gjirokast\u00ebr, p\u00ebr veprime t\u00eb m\u00ebtejshme.<\/p>\n","protected":false},"excerpt":{"rendered":"<p>Nj\u00eb person ka r\u00ebn\u00eb n\u00eb prangat e policis\u00eb s\u00eb Tepelen\u00ebs dhe dy t\u00eb tjer\u00eb jan\u00eb v\u00ebn\u00eb n\u00eb hetim p\u00ebr zjarret e r\u00ebna n\u00eb fshatrat Dor\u00ebz, Turan dhe Dh\u00ebmblan. Sipas policis\u00eb k\u00ebta shtetas akuzohen se kan\u00eb ndezur zjarre n\u00eb k\u00ebto fshatra. Policia thekson si i arrestuar \u00ebsht\u00eb nj\u00eb 48-vje\u00e7ar banues n\u00eb fshatin Sinanaj, Tepelen\u00eb, pasi dyshohet [&hellip;]<\/p>\n","protected":false},"author":5,"featured_media":49625,"comment_status":"closed","ping_status":"closed","sticky":false,"template":"","format":"standard","meta":{"footnotes":""},"categories":[1,6332],"tags":[26492,26491],"class_list":{"0":"post-65552","1":"post","2":"type-post","3":"status-publish","4":"format-standard","5":"has-post-thumbnail","7":"category-aktualitet","8":"category-te-fundit","9":"tag-procedohen-59-vjecari-nga-turani-dhe-50-vjecari-nga-dhemblani","10":"tag-zjarret-ne-tepelene-prangoset-48-vjecari-nga-sinanaj"},"_links":{"self":[{"href":"https:\/\/jugulajm.net\/index.php?rest_route=\/wp\/v2\/posts\/65552","targetHints":{"allow":["GET"]}}],"collection":[{"href":"https:\/\/jugulajm.net\/index.php?rest_route=\/wp\/v2\/posts"}],"about":[{"href":"https:\/\/jugulajm.net\/index.php?rest_route=\/wp\/v2\/types\/post"}],"author":[{"embeddable":true,"href":"https:\/\/jugulajm.net\/index.php?rest_route=\/wp\/v2\/users\/5"}],"replies":[{"embeddable":true,"href":"https:\/\/jugulajm.net\/index.php?rest_route=%2Fwp%2Fv2%2Fcomments&post=65552"}],"version-history":[{"count":0,"href":"https:\/\/jugulajm.net\/index.php?rest_route=\/wp\/v2\/posts\/65552\/revisions"}],"wp:featuredmedia":[{"embeddable":true,"href":"https:\/\/jugulajm.net\/index.php?rest_route=\/wp\/v2\/media\/49625"}],"wp:attachment":[{"href":"https:\/\/jugulajm.net\/index.php?rest_route=%2Fwp%2Fv2%2Fmedia&parent=65552"}],"wp:term":[{"taxonomy":"category","embeddable":true,"href":"https:\/\/jugulajm.net\/index.php?rest_route=%2Fwp%2Fv2%2Fcategories&post=65552"},{"taxonomy":"post_tag","embeddable":true,"href":"https:\/\/jugulajm.net\/index.php?rest_route=%2Fwp%2Fv2%2Ftags&post=65552"}],"curies":[{"name":"wp","href":"https:\/\/api.w.org\/{rel}","templated":true}]}}