{"id":65550,"date":"2023-09-25T08:30:13","date_gmt":"2023-09-25T06:30:13","guid":{"rendered":"https:\/\/jugulajm.net\/?p=65550"},"modified":"2023-09-25T08:30:13","modified_gmt":"2023-09-25T06:30:13","slug":"ja-si-parashikohet-moti-per-kete-fillimjave","status":"publish","type":"post","link":"https:\/\/jugulajm.net\/?p=65550","title":{"rendered":"Ja si parashikohet moti p\u00ebr ket\u00eb fillimjav\u00eb"},"content":{"rendered":"<p>Do t\u00eb vijoj\u00eb ndikimi i masave ajrore t\u00eb paq\u00ebndrueshme n\u00eb territorin shqiptar duke sjell\u00eb vran\u00ebsira dhe reshje shiu ku her\u00eb pas here do t\u00eb jen\u00eb rrebeshe afat-shkurtra, m\u00eb t\u00eb dukshme n\u00eb qarqet, Shkod\u00ebr Tiran\u00eb, Elbasan dhe Kor\u00e7\u00eb.<\/p>\n<p>Parashikohet q\u00eb or\u00ebt e pasdites t\u00eb sjellin p\u00ebrmir\u00ebsim t\u00eb duksh\u00ebm t\u00eb kushteve atmosferike n\u00eb t\u00eb gjith\u00eb territorin e vendit.<\/p>\n<p>Temperaturat e ajrit do t\u00eb ulen s\u00ebrish n\u00eb or\u00ebt e m\u00ebngjesit dhe t\u00eb mesdit\u00ebs duke luhatur vlerat ditore nga 7\u00b0C deri n\u00eb 26\u00b0C.<\/p>\n<p>Era do fryj\u00eb mesatarisht me shpejt\u00ebsi 45 km\/h nga drejtimi verior dhe veriper\u00ebndimor duke krijuar n\u00eb brigjet detare dallg\u00ebzim mbi 3 ball\u00eb.<\/p>\n","protected":false},"excerpt":{"rendered":"<p>Do t\u00eb vijoj\u00eb ndikimi i masave ajrore t\u00eb paq\u00ebndrueshme n\u00eb territorin shqiptar duke sjell\u00eb vran\u00ebsira dhe reshje shiu ku her\u00eb pas here do t\u00eb jen\u00eb rrebeshe afat-shkurtra, m\u00eb t\u00eb dukshme n\u00eb qarqet, Shkod\u00ebr Tiran\u00eb, Elbasan dhe Kor\u00e7\u00eb. Parashikohet q\u00eb or\u00ebt e pasdites t\u00eb sjellin p\u00ebrmir\u00ebsim t\u00eb duksh\u00ebm t\u00eb kushteve atmosferike n\u00eb t\u00eb gjith\u00eb territorin e [&hellip;]<\/p>\n","protected":false},"author":5,"featured_media":55361,"comment_status":"closed","ping_status":"closed","sticky":false,"template":"","format":"standard","meta":{"footnotes":""},"categories":[7650,6332],"tags":[26490],"class_list":{"0":"post-65550","1":"post","2":"type-post","3":"status-publish","4":"format-standard","5":"has-post-thumbnail","7":"category-moti","8":"category-te-fundit","9":"tag-ja-si-parashikohet-moti-per-kete-fillimjave"},"_links":{"self":[{"href":"https:\/\/jugulajm.net\/index.php?rest_route=\/wp\/v2\/posts\/65550","targetHints":{"allow":["GET"]}}],"collection":[{"href":"https:\/\/jugulajm.net\/index.php?rest_route=\/wp\/v2\/posts"}],"about":[{"href":"https:\/\/jugulajm.net\/index.php?rest_route=\/wp\/v2\/types\/post"}],"author":[{"embeddable":true,"href":"https:\/\/jugulajm.net\/index.php?rest_route=\/wp\/v2\/users\/5"}],"replies":[{"embeddable":true,"href":"https:\/\/jugulajm.net\/index.php?rest_route=%2Fwp%2Fv2%2Fcomments&post=65550"}],"version-history":[{"count":0,"href":"https:\/\/jugulajm.net\/index.php?rest_route=\/wp\/v2\/posts\/65550\/revisions"}],"wp:featuredmedia":[{"embeddable":true,"href":"https:\/\/jugulajm.net\/index.php?rest_route=\/wp\/v2\/media\/55361"}],"wp:attachment":[{"href":"https:\/\/jugulajm.net\/index.php?rest_route=%2Fwp%2Fv2%2Fmedia&parent=65550"}],"wp:term":[{"taxonomy":"category","embeddable":true,"href":"https:\/\/jugulajm.net\/index.php?rest_route=%2Fwp%2Fv2%2Fcategories&post=65550"},{"taxonomy":"post_tag","embeddable":true,"href":"https:\/\/jugulajm.net\/index.php?rest_route=%2Fwp%2Fv2%2Ftags&post=65550"}],"curies":[{"name":"wp","href":"https:\/\/api.w.org\/{rel}","templated":true}]}}