{"id":65527,"date":"2023-09-24T12:27:45","date_gmt":"2023-09-24T10:27:45","guid":{"rendered":"https:\/\/jugulajm.net\/?p=65527"},"modified":"2023-09-24T12:27:45","modified_gmt":"2023-09-24T10:27:45","slug":"70-vjecari-godet-me-thike-45-vjecarin-ja-arsyeja","status":"publish","type":"post","link":"https:\/\/jugulajm.net\/?p=65527","title":{"rendered":"70-vje\u00e7ari godet me thik\u00eb 45-vje\u00e7arin, ja arsyeja&#8230;"},"content":{"rendered":"<p>Nj\u00eb 45-vje\u00e7ar \u00ebsht\u00eb plagosur me thik\u00eb n\u00eb Kor\u00e7\u00eb paraditen e k\u00ebsaj t\u00eb diele.<\/p>\n<p>Ngjarja ka ndodhur n\u00eb unaz\u00ebn e qytetit.<\/p>\n<p>Sipas t\u00eb dh\u00ebnave ngjarja ndodhi pas nj\u00eb konflikti mes dy personave.<\/p>\n<p>Nj\u00eb 70-vje\u00e7ar ka goditur me thik\u00eb n\u00eb k\u00ebmb\u00eb nj\u00eb 45-vje\u00e7ar.<\/p>\n<p>Shkak i konfliktit dyshohet se ka qen\u00eb debati p\u00ebr nj\u00eb tok\u00eb bujq\u00ebsore.<\/p>\n<p>I d\u00ebmtuari u d\u00ebrgua n\u00eb Spitalin e Kor\u00e7\u00ebs , ku po merr mjekim dhe ndodhet jasht\u00eb rrezikut p\u00ebr jet\u00ebn.<\/p>\n","protected":false},"excerpt":{"rendered":"<p>Nj\u00eb 45-vje\u00e7ar \u00ebsht\u00eb plagosur me thik\u00eb n\u00eb Kor\u00e7\u00eb paraditen e k\u00ebsaj t\u00eb diele. Ngjarja ka ndodhur n\u00eb unaz\u00ebn e qytetit. Sipas t\u00eb dh\u00ebnave ngjarja ndodhi pas nj\u00eb konflikti mes dy personave. Nj\u00eb 70-vje\u00e7ar ka goditur me thik\u00eb n\u00eb k\u00ebmb\u00eb nj\u00eb 45-vje\u00e7ar. Shkak i konfliktit dyshohet se ka qen\u00eb debati p\u00ebr nj\u00eb tok\u00eb bujq\u00ebsore. I d\u00ebmtuari [&hellip;]<\/p>\n","protected":false},"author":5,"featured_media":51534,"comment_status":"closed","ping_status":"closed","sticky":false,"template":"","format":"standard","meta":{"footnotes":""},"categories":[1,6332],"tags":[26477,20856],"class_list":{"0":"post-65527","1":"post","2":"type-post","3":"status-publish","4":"format-standard","5":"has-post-thumbnail","7":"category-aktualitet","8":"category-te-fundit","9":"tag-70-vjecari-godet-me-thike-45-vjecarin","10":"tag-ja-arsyeja"},"_links":{"self":[{"href":"https:\/\/jugulajm.net\/index.php?rest_route=\/wp\/v2\/posts\/65527","targetHints":{"allow":["GET"]}}],"collection":[{"href":"https:\/\/jugulajm.net\/index.php?rest_route=\/wp\/v2\/posts"}],"about":[{"href":"https:\/\/jugulajm.net\/index.php?rest_route=\/wp\/v2\/types\/post"}],"author":[{"embeddable":true,"href":"https:\/\/jugulajm.net\/index.php?rest_route=\/wp\/v2\/users\/5"}],"replies":[{"embeddable":true,"href":"https:\/\/jugulajm.net\/index.php?rest_route=%2Fwp%2Fv2%2Fcomments&post=65527"}],"version-history":[{"count":0,"href":"https:\/\/jugulajm.net\/index.php?rest_route=\/wp\/v2\/posts\/65527\/revisions"}],"wp:featuredmedia":[{"embeddable":true,"href":"https:\/\/jugulajm.net\/index.php?rest_route=\/wp\/v2\/media\/51534"}],"wp:attachment":[{"href":"https:\/\/jugulajm.net\/index.php?rest_route=%2Fwp%2Fv2%2Fmedia&parent=65527"}],"wp:term":[{"taxonomy":"category","embeddable":true,"href":"https:\/\/jugulajm.net\/index.php?rest_route=%2Fwp%2Fv2%2Fcategories&post=65527"},{"taxonomy":"post_tag","embeddable":true,"href":"https:\/\/jugulajm.net\/index.php?rest_route=%2Fwp%2Fv2%2Ftags&post=65527"}],"curies":[{"name":"wp","href":"https:\/\/api.w.org\/{rel}","templated":true}]}}