{"id":65507,"date":"2023-09-23T21:38:16","date_gmt":"2023-09-23T19:38:16","guid":{"rendered":"https:\/\/jugulajm.net\/?p=65507"},"modified":"2023-09-23T21:38:16","modified_gmt":"2023-09-23T19:38:16","slug":"video-hiqet-si-i-verber-dhe-merr-kemp-por","status":"publish","type":"post","link":"https:\/\/jugulajm.net\/?p=65507","title":{"rendered":"VIDEO\/ Hiqet si i verb\u00ebr dhe merr Kemp, por&#8230;"},"content":{"rendered":"<p>Emisioni \u201cStop\u201d ishte n\u00eb fshatin Shirgjan t\u00eb Elbasanit p\u00ebr nj\u00eb denoncim, q\u00eb lidhet me Jorgo (Zani) \u00c7ehu.<\/p>\n<p>Ai prej VIDEO\/ Hiqet si i verb\u00ebr dhe merr Kemp, por&#8230;vitesh merr Kemp p\u00ebr verb\u00ebrin\u00eb e po k\u00ebshtu basVIDEO\/ Hiqet si i verb\u00ebr dhe merr Kemp, por&#8230;hk\u00ebshortja merr kujdestarin\u00eb p\u00ebr t\u00eb.<\/p>\n<p>Fotot dhe videot q\u00eb \u201cStop\u201d disponon tregojn\u00eb, se Jorgo apo Zani, i kryen l\u00ebvizjet e pun\u00ebt pa asnj\u00eb v\u00ebshtir\u00ebsi.<\/p>\n<p>Ai jeton n\u00eb Greqi, por t\u00eb q\u00eb marr\u00eb pagesat i duhet q\u00eb t\u00eb vij\u00eb n\u00eb Shqip\u00ebri \u00e7do 6 muaj.<\/p>\n<p>N\u00eb Nj\u00ebsin\u00eb Administrative Shirgjan, \u201cStop\u201d k\u00ebrkoi fillimisht administratoren Drita Cerri, por ajo u zhduk dhe gazetarja mori takim me mjeken e familjes s\u00eb zotit Jorgo.<\/p>\n<p>Kjo e fundit shpjegoi, se pacienti n\u00eb fjal\u00eb \u00ebsht\u00eb plot\u00ebsisht i verb\u00ebr dhe po t\u00eb mos e mbaj\u00eb e shoqja, mund t\u00eb bjer\u00eb n\u00eb kanal.<\/p>\n<p><iframe loading=\"lazy\" class=\"entered litespeed-loaded\" title=\"YouTube video player\" src=\"https:\/\/www.youtube.com\/embed\/8IPiFCardU0?si=PpZyWYypwRN_eSn3\" width=\"560\" height=\"315\" frameborder=\"0\" allowfullscreen=\"allowfullscreen\" data-lazyloaded=\"1\" data-src=\"https:\/\/www.youtube.com\/embed\/8IPiFCardU0?si=PpZyWYypwRN_eSn3\" data-ll-status=\"loaded\" data-mce-fragment=\"1\"><\/iframe><\/p>\n<p><strong>Gazetarja:<\/strong>\u00a0\u00cbsht\u00eb i verb\u00ebr?<\/p>\n<p><strong>Mjekja:<\/strong>\u00a0\u00cbsht\u00eb i verb\u00ebr zem\u00ebr! Jan\u00eb genetike.<\/p>\n<p><strong>Gazetarja:<\/strong>\u00a0Nuk shohin fare doktoresha?<\/p>\n<p><strong>Mjekja:<\/strong>\u00a0Nuk shohin, e merr e shoqja p\u00ebrdore.<\/p>\n<p><strong>Gazetarja:<\/strong>\u00a0Ju e keni diagnoz\u00ebn?<\/p>\n<p><strong>Mjekja:<\/strong>\u00a0Si nuk e kam, diagnoz\u00eb e kartel\u00eb, tashti b\u00ebri at\u00eb vendimin e Kempit, e rinovoi. E shoqja merr kujdestari. Pardje ishin k\u00ebtu, t\u00eb dy ishin k\u00ebtu.<\/p>\n<p><strong>Gazetarja:<\/strong>\u00a0Ju po m\u00eb thoni, q\u00eb ai nuk ka mund\u00ebsi, t\u00eb b\u00ebj\u00eb asnj\u00eb lloj pune?<\/p>\n<p><strong>Mjekja:<\/strong>\u00a0Ua\u2026 ai nuk sheh fare, moj zem\u00ebr. Ai desh u p\u00ebrplas te hekurat, po mos ta kishte mbajt e shoqja. Ky ka vite, q\u00eb \u00ebsht\u00eb i verb\u00ebr.<\/p>\n<p><strong>Gazetarja:<\/strong>\u00a0Ai nuk ec\u00ebn dot vet\u00eb, dometh\u00ebn\u00eb?<\/p>\n<p><strong>Mjekja:<\/strong>\u00a0Ai bie n\u00eb kanal.<\/p>\n<p>\u201cStop\u201d shkoi n\u00eb sht\u00ebpin\u00eb e pacientit dhe e gjet\u00ebn duke lar\u00eb\u00a0oborrin. Bashk\u00eb me gruan, bashk\u00ebshort\u00ebt mohuan, q\u00eb Kempin e marrin padrejt\u00ebsisht.<\/p>\n<p><strong>Gazetarja:<\/strong>\u00a0Bashk\u00eb me bashk\u00ebshorten, bashk\u00ebshortja merr kujdestari, ju keni verb\u00ebri t\u00eb plot\u00eb dhe i b\u00ebni t\u00eb gjitha pun\u00ebt vet\u00eb.<\/p>\n<p><strong>Jorgo \u00c7ehu:<\/strong>\u00a0\u00c7far\u00eb pun\u00ebsh kam b\u00ebr\u00eb un\u00eb moj motra ime? Ku kam b\u00ebr\u00eb un\u00eb pun\u00eb? Un\u00eb nuk kam b\u00ebr\u00eb asnj\u00eb lloj pune vet\u00eb. Asnj\u00eblloj pune. Un\u00eb me shoq\u00ebrues nuk dal deri aty.<\/p>\n<p><strong>Gazetarja:<\/strong>\u00a0Ti qenke duke lar\u00eb oborrin?<\/p>\n<p><strong>Jorgo \u00c7ehu:<\/strong>\u00a0\u00c7far\u00eb oborri? Oborri \u00ebsht\u00eb k\u00ebtu\u2026 Jam un\u00eb q\u00eb rri k\u00ebtu.<\/p>\n<p><strong>Gazetarja:<\/strong>\u00a0Si e shpjegoni q\u00eb vini vet\u00ebm p\u00ebr t\u00eb b\u00ebr\u00eb rinovimin e Kempit nga Greqia?<\/p>\n<p><strong>Jorgo \u00c7ehu:<\/strong>\u00a0Jo moj mot\u00ebr \u00e7a\u2026<\/p>\n<p><strong>Gazetarja:<\/strong>\u00a0Nuk sheh fare?<\/p>\n<p><strong>Jorgo \u00c7ehu:<\/strong>\u00a0\u00c7a t\u00eb shoh? As 1% \u00e7a do shoh. Un\u00eb dal me shoq\u00ebrues kudo ku vete.<\/p>\n<p><strong>Gazetarja:<\/strong>\u00a0E kuptoj, por nuk ishte kjo situata, kur ju kemi par\u00eb n\u00ebp\u00ebr video, n\u00ebp\u00ebr foto q\u00eb na kan\u00eb dal\u00eb. Ne na kan\u00eb ardhur foto dhe video duke vjel\u00eb rrush n\u00eb Greqi?<\/p>\n<p><strong>Jorgo \u00c7ehu:<\/strong>\u00a0Rrush un\u00eb? \u00c7a thua moj mot\u00ebr.<\/p>\n<p><strong>Gazetarja:<\/strong>\u00a0Duke b\u00ebr\u00eb pazarin i vet\u00ebm n\u00eb rrug\u00ebt e Greqis\u00eb.<\/p>\n<p><strong>Jorgo \u00c7ehu:<\/strong>\u00a0Po \u00e7a thua moj mot\u00ebr \u00e7a thua.<\/p>\n<p><strong>Gazetarja:<\/strong>\u00a0Edhe k\u00ebtu besoj se po ju tregonte gruaja se ku ta lanit oborrin?<\/p>\n<p><strong>Jorgo \u00c7ehu:<\/strong>\u00a0Jo moj mot\u00ebr, k\u00ebtu markushi.<\/p>\n<p><strong>Gazetarja:<\/strong>\u00a0Zonj\u00eb je n\u00eb shkelje t\u00eb ligjit. N\u00ebse zot\u00ebria ka nj\u00eb problem t\u00eb vog\u00ebl me syrin mund t\u00eb trajtohet p\u00ebr at\u00eb q\u00eb ka, por jo verb\u00ebri t\u00eb plot\u00eb.<\/p>\n<p><strong>Jorgo \u00c7ehu:<\/strong>\u00a0Un\u00eb kam verb\u00ebri t\u00eb plot\u00eb.<\/p>\n<p><strong>Gazetarja:<\/strong>\u00a0Nj\u00eb i verb\u00ebr i plot\u00eb nuk l\u00ebviz nga karrigia.<\/p>\n<p><strong>Zegjine \u00c7ehu:<\/strong>\u00a0Burri im ka 5 vjet q\u00eb nuk punon n\u00eb kurbet.<\/p>\n<p><strong>Gazetarja:<\/strong>\u00a0Jo m\u00eb larg se 2020 na ka ardhur fotoja duke vjelur rrush.<\/p>\n<p><strong>Zegjine \u00c7ehu:<\/strong>\u00a0Nuk e di kush ka qen\u00eb ai q\u00eb ju ka sjell\u00eb ju k\u00ebt\u00eb informacion.<\/p>\n<p><strong>Gazetarja:<\/strong>\u00a0Jo, nuk e di un\u00eb ku e keni guximin ju q\u00eb g\u00ebnjeni dhe vidhni shtetin n\u00eb drit\u00ebn e diellit.<\/p>\n<p><strong>Jorgo \u00c7ehu:<\/strong>\u00a0Dokumentet jan\u00eb t\u00eb rregullta.<\/p>\n<p>Nd\u00ebrkoh\u00eb nga Sh\u00ebrbimi Social Shtet\u00ebror na pohuan, se Jorgo Zani Shehu ose Zani \u00c7ehu, ka statusin e t\u00eb verbrit me pages\u00eb 13 525 lek\u00eb secili, pacienti dhe kujdestari.<\/p>\n","protected":false},"excerpt":{"rendered":"<p>Emisioni \u201cStop\u201d ishte n\u00eb fshatin Shirgjan t\u00eb Elbasanit p\u00ebr nj\u00eb denoncim, q\u00eb lidhet me Jorgo (Zani) \u00c7ehu. Ai prej VIDEO\/ Hiqet si i verb\u00ebr dhe merr Kemp, por&#8230;vitesh merr Kemp p\u00ebr verb\u00ebrin\u00eb e po k\u00ebshtu basVIDEO\/ Hiqet si i verb\u00ebr dhe merr Kemp, por&#8230;hk\u00ebshortja merr kujdestarin\u00eb p\u00ebr t\u00eb. Fotot dhe videot q\u00eb \u201cStop\u201d disponon tregojn\u00eb, [&hellip;]<\/p>\n","protected":false},"author":5,"featured_media":65508,"comment_status":"closed","ping_status":"closed","sticky":false,"template":"","format":"standard","meta":{"footnotes":""},"categories":[1,6332],"tags":[26468,26469],"class_list":{"0":"post-65507","1":"post","2":"type-post","3":"status-publish","4":"format-standard","5":"has-post-thumbnail","7":"category-aktualitet","8":"category-te-fundit","9":"tag-hiqej-si-i-verber","10":"tag-merte-kemp"},"_links":{"self":[{"href":"https:\/\/jugulajm.net\/index.php?rest_route=\/wp\/v2\/posts\/65507","targetHints":{"allow":["GET"]}}],"collection":[{"href":"https:\/\/jugulajm.net\/index.php?rest_route=\/wp\/v2\/posts"}],"about":[{"href":"https:\/\/jugulajm.net\/index.php?rest_route=\/wp\/v2\/types\/post"}],"author":[{"embeddable":true,"href":"https:\/\/jugulajm.net\/index.php?rest_route=\/wp\/v2\/users\/5"}],"replies":[{"embeddable":true,"href":"https:\/\/jugulajm.net\/index.php?rest_route=%2Fwp%2Fv2%2Fcomments&post=65507"}],"version-history":[{"count":0,"href":"https:\/\/jugulajm.net\/index.php?rest_route=\/wp\/v2\/posts\/65507\/revisions"}],"wp:featuredmedia":[{"embeddable":true,"href":"https:\/\/jugulajm.net\/index.php?rest_route=\/wp\/v2\/media\/65508"}],"wp:attachment":[{"href":"https:\/\/jugulajm.net\/index.php?rest_route=%2Fwp%2Fv2%2Fmedia&parent=65507"}],"wp:term":[{"taxonomy":"category","embeddable":true,"href":"https:\/\/jugulajm.net\/index.php?rest_route=%2Fwp%2Fv2%2Fcategories&post=65507"},{"taxonomy":"post_tag","embeddable":true,"href":"https:\/\/jugulajm.net\/index.php?rest_route=%2Fwp%2Fv2%2Ftags&post=65507"}],"curies":[{"name":"wp","href":"https:\/\/api.w.org\/{rel}","templated":true}]}}