{"id":65504,"date":"2023-09-23T20:40:15","date_gmt":"2023-09-23T18:40:15","guid":{"rendered":"https:\/\/jugulajm.net\/?p=65504"},"modified":"2023-09-23T20:40:15","modified_gmt":"2023-09-23T18:40:15","slug":"foto-greqi-ja-ku-mbahej-22-vjecarja-shqiptare-nga-burri-flasin-fqinjet-vishej-nga-koka-te-kembet","status":"publish","type":"post","link":"https:\/\/jugulajm.net\/?p=65504","title":{"rendered":"FOTO\/ Greqi, ja ku mbahej 22-vje\u00e7arja shqiptare nga burri, flasin fqinj\u00ebt: Vishej nga koka te k\u00ebmb\u00ebt&#8230;"},"content":{"rendered":"<p><a href=\"https:\/\/www.protothema.gr\/greece\/article\/1415945\/auto-einai-to-kolastirio-tis-22hronis-ston-volo-den-eihame-dei-pote-to-koritsi-lene-oi-geitones\/\"><strong>Mediat\u00a0greke<\/strong><\/a>\u00a0kan\u00eb publikuar pamjet e sht\u00ebpis\u00eb ku mbahej e mbyllur 22-vje\u00e7arja shqiptare Dafina Kurti, nga bashk\u00ebshorti i saj prej gati 2 vitesh.<\/p>\n<p>N\u00eb sht\u00ebpin\u00eb n\u00eb fjal\u00eb, Dafina, n\u00ebn\u00eb e nj\u00eb vajze 2-vje\u00e7are, mbahej e mbyllur dhe torturohej nga i shoqi, tashm\u00eb i arrestuar.<\/p>\n<p>Sipas fqinj\u00ebve t\u00eb \u00e7iftit, thuhet se vajza nuk \u00ebsht\u00eb par\u00eb thuajse kurr\u00eb t\u00eb dilte dhe n\u00eb rastet kur e pan\u00eb par\u00eb ka qen\u00eb e veshur nga koka te k\u00ebmb\u00ebt.<\/p>\n<p><em>\u201cNuk e kemi par\u00eb kurr\u00eb gruan. E dinim q\u00eb k\u00ebtu jetonte nj\u00eb \u00e7ift shqiptar, por k\u00ebt\u00eb vajz\u00eb nuk e kishim par\u00eb kurr\u00eb. T\u00eb gjith\u00eb pyesnim se \u00e7far\u00eb po ndodhte brenda asaj sht\u00ebpie, por nuk mund t\u00eb b\u00ebnim asgj\u00eb. Nuk e dinim se \u00e7far\u00eb po ndodhte,\u201d<\/em>\u00a0thot\u00eb nj\u00eb grua.<\/p>\n<p><em>\u201cAjo ishte e veshur nga koka te k\u00ebmb\u00ebt,\u201d<\/em>\u00a0thot\u00eb nj\u00eb tjet\u00ebr banor\u00eb.<\/p>\n<p><em>\u201cE kam par\u00eb shum\u00eb rrall\u00eb. Dilte vet\u00ebm deri n\u00eb kopsht. Dy ose tre her\u00eb gjat\u00eb viteve. Nuk e pash\u00eb kurr\u00eb jasht\u00eb oborrit t\u00eb sht\u00ebpis\u00eb duke l\u00ebvizur, apo duke b\u00ebr\u00eb pazar. Dhe as q\u00eb e kisha par\u00eb kurr\u00eb f\u00ebmij\u00ebn,\u201d<\/em>\u00a0rr\u00ebfen ai.<\/p>\n<p><img loading=\"lazy\" loading=\"lazy\" decoding=\"async\" class=\"alignnone size-full wp-image-321929 lazy-loaded\" src=\"https:\/\/5pyetjet.al\/wp-content\/uploads\/2023\/09\/Volos_spiti__2_.jpg\" sizes=\"auto, (max-width: 1360px) 100vw, 1360px\" srcset=\"https:\/\/5pyetjet.al\/wp-content\/uploads\/2023\/09\/Volos_spiti__2_.jpg 1360w, https:\/\/5pyetjet.al\/wp-content\/uploads\/2023\/09\/Volos_spiti__2_-300x219.jpg 300w, https:\/\/5pyetjet.al\/wp-content\/uploads\/2023\/09\/Volos_spiti__2_-1024x746.jpg 1024w, https:\/\/5pyetjet.al\/wp-content\/uploads\/2023\/09\/Volos_spiti__2_-768x560.jpg 768w, https:\/\/5pyetjet.al\/wp-content\/uploads\/2023\/09\/Volos_spiti__2_-696x507.jpg 696w, https:\/\/5pyetjet.al\/wp-content\/uploads\/2023\/09\/Volos_spiti__2_-1068x778.jpg 1068w\" alt=\"\" width=\"1360\" height=\"991\" data-attachment-id=\"321929\" data-permalink=\"https:\/\/5pyetjet.al\/2023\/09\/23\/ja-burgu-ku-mbahej-22-vjecarja-nga-burri-fqinjet-vishej-nga-koka-te-kembet-dilte-2-ose-3-here-gjate-viteve\/volos_spiti__2_\/\" data-orig-file=\"https:\/\/5pyetjet.al\/wp-content\/uploads\/2023\/09\/Volos_spiti__2_.jpg\" data-orig-size=\"1360,991\" data-comments-opened=\"1\" data-image-meta=\"{&quot;aperture&quot;:&quot;0&quot;,&quot;credit&quot;:&quot;&quot;,&quot;camera&quot;:&quot;&quot;,&quot;caption&quot;:&quot;&quot;,&quot;created_timestamp&quot;:&quot;0&quot;,&quot;copyright&quot;:&quot;&quot;,&quot;focal_length&quot;:&quot;0&quot;,&quot;iso&quot;:&quot;0&quot;,&quot;shutter_speed&quot;:&quot;0&quot;,&quot;title&quot;:&quot;&quot;,&quot;orientation&quot;:&quot;0&quot;}\" data-image-title=\"Volos_spiti__2_\" data-image-description=\"\" data-image-caption=\"\" data-medium-file=\"https:\/\/5pyetjet.al\/wp-content\/uploads\/2023\/09\/Volos_spiti__2_-300x219.jpg\" data-large-file=\"https:\/\/5pyetjet.al\/wp-content\/uploads\/2023\/09\/Volos_spiti__2_-1024x746.jpg\" data-lazy-type=\"image\" data-src=\"https:\/\/5pyetjet.al\/wp-content\/uploads\/2023\/09\/Volos_spiti__2_.jpg\" data-srcset=\"\" \/><img loading=\"lazy\" loading=\"lazy\" decoding=\"async\" class=\"alignnone size-full wp-image-321930 lazy-loaded\" src=\"https:\/\/5pyetjet.al\/wp-content\/uploads\/2023\/09\/Volos_spiti__3_.jpg\" sizes=\"auto, (max-width: 1360px) 100vw, 1360px\" srcset=\"https:\/\/5pyetjet.al\/wp-content\/uploads\/2023\/09\/Volos_spiti__3_.jpg 1360w, https:\/\/5pyetjet.al\/wp-content\/uploads\/2023\/09\/Volos_spiti__3_-300x204.jpg 300w, https:\/\/5pyetjet.al\/wp-content\/uploads\/2023\/09\/Volos_spiti__3_-1024x698.jpg 1024w, https:\/\/5pyetjet.al\/wp-content\/uploads\/2023\/09\/Volos_spiti__3_-768x523.jpg 768w, https:\/\/5pyetjet.al\/wp-content\/uploads\/2023\/09\/Volos_spiti__3_-218x150.jpg 218w, https:\/\/5pyetjet.al\/wp-content\/uploads\/2023\/09\/Volos_spiti__3_-696x474.jpg 696w, https:\/\/5pyetjet.al\/wp-content\/uploads\/2023\/09\/Volos_spiti__3_-1068x728.jpg 1068w\" alt=\"\" width=\"1360\" height=\"927\" data-attachment-id=\"321930\" data-permalink=\"https:\/\/5pyetjet.al\/2023\/09\/23\/ja-burgu-ku-mbahej-22-vjecarja-nga-burri-fqinjet-vishej-nga-koka-te-kembet-dilte-2-ose-3-here-gjate-viteve\/volos_spiti__3_\/\" data-orig-file=\"https:\/\/5pyetjet.al\/wp-content\/uploads\/2023\/09\/Volos_spiti__3_.jpg\" data-orig-size=\"1360,927\" data-comments-opened=\"1\" data-image-meta=\"{&quot;aperture&quot;:&quot;0&quot;,&quot;credit&quot;:&quot;&quot;,&quot;camera&quot;:&quot;&quot;,&quot;caption&quot;:&quot;&quot;,&quot;created_timestamp&quot;:&quot;0&quot;,&quot;copyright&quot;:&quot;&quot;,&quot;focal_length&quot;:&quot;0&quot;,&quot;iso&quot;:&quot;0&quot;,&quot;shutter_speed&quot;:&quot;0&quot;,&quot;title&quot;:&quot;&quot;,&quot;orientation&quot;:&quot;0&quot;}\" data-image-title=\"Volos_spiti__3_\" data-image-description=\"\" data-image-caption=\"\" data-medium-file=\"https:\/\/5pyetjet.al\/wp-content\/uploads\/2023\/09\/Volos_spiti__3_-300x204.jpg\" data-large-file=\"https:\/\/5pyetjet.al\/wp-content\/uploads\/2023\/09\/Volos_spiti__3_-1024x698.jpg\" data-lazy-type=\"image\" data-src=\"https:\/\/5pyetjet.al\/wp-content\/uploads\/2023\/09\/Volos_spiti__3_.jpg\" data-srcset=\"\" \/><\/p>\n","protected":false},"excerpt":{"rendered":"<p>Mediat\u00a0greke\u00a0kan\u00eb publikuar pamjet e sht\u00ebpis\u00eb ku mbahej e mbyllur 22-vje\u00e7arja shqiptare Dafina Kurti, nga bashk\u00ebshorti i saj prej gati 2 vitesh. N\u00eb sht\u00ebpin\u00eb n\u00eb fjal\u00eb, Dafina, n\u00ebn\u00eb e nj\u00eb vajze 2-vje\u00e7are, mbahej e mbyllur dhe torturohej nga i shoqi, tashm\u00eb i arrestuar. Sipas fqinj\u00ebve t\u00eb \u00e7iftit, thuhet se vajza nuk \u00ebsht\u00eb par\u00eb thuajse kurr\u00eb t\u00eb [&hellip;]<\/p>\n","protected":false},"author":5,"featured_media":65505,"comment_status":"closed","ping_status":"closed","sticky":false,"template":"","format":"standard","meta":{"footnotes":""},"categories":[1,6332],"tags":[26467,25393,26466],"class_list":{"0":"post-65504","1":"post","2":"type-post","3":"status-publish","4":"format-standard","5":"has-post-thumbnail","7":"category-aktualitet","8":"category-te-fundit","9":"tag-flasin-fqinjet-vishej-nga-koka-te-kembet","10":"tag-foto-greqi","11":"tag-ja-ku-mbahej-22-vjecarja-shqiptare-nga-burri"},"_links":{"self":[{"href":"https:\/\/jugulajm.net\/index.php?rest_route=\/wp\/v2\/posts\/65504","targetHints":{"allow":["GET"]}}],"collection":[{"href":"https:\/\/jugulajm.net\/index.php?rest_route=\/wp\/v2\/posts"}],"about":[{"href":"https:\/\/jugulajm.net\/index.php?rest_route=\/wp\/v2\/types\/post"}],"author":[{"embeddable":true,"href":"https:\/\/jugulajm.net\/index.php?rest_route=\/wp\/v2\/users\/5"}],"replies":[{"embeddable":true,"href":"https:\/\/jugulajm.net\/index.php?rest_route=%2Fwp%2Fv2%2Fcomments&post=65504"}],"version-history":[{"count":0,"href":"https:\/\/jugulajm.net\/index.php?rest_route=\/wp\/v2\/posts\/65504\/revisions"}],"wp:featuredmedia":[{"embeddable":true,"href":"https:\/\/jugulajm.net\/index.php?rest_route=\/wp\/v2\/media\/65505"}],"wp:attachment":[{"href":"https:\/\/jugulajm.net\/index.php?rest_route=%2Fwp%2Fv2%2Fmedia&parent=65504"}],"wp:term":[{"taxonomy":"category","embeddable":true,"href":"https:\/\/jugulajm.net\/index.php?rest_route=%2Fwp%2Fv2%2Fcategories&post=65504"},{"taxonomy":"post_tag","embeddable":true,"href":"https:\/\/jugulajm.net\/index.php?rest_route=%2Fwp%2Fv2%2Ftags&post=65504"}],"curies":[{"name":"wp","href":"https:\/\/api.w.org\/{rel}","templated":true}]}}