{"id":65483,"date":"2023-09-23T11:53:49","date_gmt":"2023-09-23T09:53:49","guid":{"rendered":"https:\/\/jugulajm.net\/?p=65483"},"modified":"2023-09-23T11:53:49","modified_gmt":"2023-09-23T09:53:49","slug":"skandali-me-gjicin-alma-flet-serish-e-gjithe-barra-i-bie","status":"publish","type":"post","link":"https:\/\/jugulajm.net\/?p=65483","title":{"rendered":"Skandali me Gjicin\/ Alma flet s\u00ebrish: E gjith\u00eb barra i bie&#8230;"},"content":{"rendered":"<p>N\u00eb nj\u00eb rr\u00ebfim p\u00ebr Top News, Alma Ka\u00e7i e p\u00ebrfshir\u00eb n\u00eb skandalin me kryebashkiakun Safet Gjici, ka treguar m\u00eb shum\u00eb p\u00ebr situat\u00ebn q\u00eb ndodhet aktualisht.<\/p>\n<p>Ajo tha se ka nevoj\u00eb p\u00ebr mbrojtje dhe se e gjith\u00eb barra e k\u00ebsaj situate i ka r\u00ebn\u00eb djalit t\u00eb saj 12 vje\u00e7.<\/p>\n<p>\u201cI drejtohem shtetit. Un\u00eb jetoj vet\u00ebm m\u00eb djalin q\u00eb e kam vet\u00ebm 12 vje\u00e7, i ka r\u00ebn\u00eb e gjith\u00eb barra atij. Kam pasur telefonata\u201d<\/p>\n<p>Gazetarja: Si po e mbroni f\u00ebmij\u00ebn, q\u00eb mos t\u00eb has\u00eb me ato pamje q\u00eb u b\u00ebn\u00eb virale?<\/p>\n<p>\u201cE kam shk\u00ebputur nga rrjetet sociale, e kam \u00e7uar n\u00eb shkoll\u00eb. I kam th\u00ebn\u00eb vet\u00ebm se kam pasur nj\u00eb problem n\u00eb pun\u00eb. Uroj t\u00eb mos e shoh\u00eb videon.<\/p>\n<p>P\u00ebr pun\u00ebn do e vazhdoj, \u00ebsht\u00eb i vetmi profesion q\u00eb di t\u00eb b\u00ebj, gazetaria investigative\u201d, tha Alma Ka\u00e7i.<\/p>\n","protected":false},"excerpt":{"rendered":"<p>N\u00eb nj\u00eb rr\u00ebfim p\u00ebr Top News, Alma Ka\u00e7i e p\u00ebrfshir\u00eb n\u00eb skandalin me kryebashkiakun Safet Gjici, ka treguar m\u00eb shum\u00eb p\u00ebr situat\u00ebn q\u00eb ndodhet aktualisht. Ajo tha se ka nevoj\u00eb p\u00ebr mbrojtje dhe se e gjith\u00eb barra e k\u00ebsaj situate i ka r\u00ebn\u00eb djalit t\u00eb saj 12 vje\u00e7. \u201cI drejtohem shtetit. Un\u00eb jetoj vet\u00ebm m\u00eb [&hellip;]<\/p>\n","protected":false},"author":5,"featured_media":61336,"comment_status":"closed","ping_status":"closed","sticky":false,"template":"","format":"standard","meta":{"footnotes":""},"categories":[1,6332],"tags":[26450],"class_list":{"0":"post-65483","1":"post","2":"type-post","3":"status-publish","4":"format-standard","5":"has-post-thumbnail","7":"category-aktualitet","8":"category-te-fundit","9":"tag-skandali-me-gjicin-alma-flet-serish-e-gjithe-barra-i-bie"},"_links":{"self":[{"href":"https:\/\/jugulajm.net\/index.php?rest_route=\/wp\/v2\/posts\/65483","targetHints":{"allow":["GET"]}}],"collection":[{"href":"https:\/\/jugulajm.net\/index.php?rest_route=\/wp\/v2\/posts"}],"about":[{"href":"https:\/\/jugulajm.net\/index.php?rest_route=\/wp\/v2\/types\/post"}],"author":[{"embeddable":true,"href":"https:\/\/jugulajm.net\/index.php?rest_route=\/wp\/v2\/users\/5"}],"replies":[{"embeddable":true,"href":"https:\/\/jugulajm.net\/index.php?rest_route=%2Fwp%2Fv2%2Fcomments&post=65483"}],"version-history":[{"count":0,"href":"https:\/\/jugulajm.net\/index.php?rest_route=\/wp\/v2\/posts\/65483\/revisions"}],"wp:featuredmedia":[{"embeddable":true,"href":"https:\/\/jugulajm.net\/index.php?rest_route=\/wp\/v2\/media\/61336"}],"wp:attachment":[{"href":"https:\/\/jugulajm.net\/index.php?rest_route=%2Fwp%2Fv2%2Fmedia&parent=65483"}],"wp:term":[{"taxonomy":"category","embeddable":true,"href":"https:\/\/jugulajm.net\/index.php?rest_route=%2Fwp%2Fv2%2Fcategories&post=65483"},{"taxonomy":"post_tag","embeddable":true,"href":"https:\/\/jugulajm.net\/index.php?rest_route=%2Fwp%2Fv2%2Ftags&post=65483"}],"curies":[{"name":"wp","href":"https:\/\/api.w.org\/{rel}","templated":true}]}}