{"id":65437,"date":"2023-09-22T12:43:43","date_gmt":"2023-09-22T10:43:43","guid":{"rendered":"https:\/\/jugulajm.net\/?p=65437"},"modified":"2023-09-22T12:43:43","modified_gmt":"2023-09-22T10:43:43","slug":"emri-vrasja-e-33-vjecarit-arrestohet-vellai-i-autorit","status":"publish","type":"post","link":"https:\/\/jugulajm.net\/?p=65437","title":{"rendered":"EMRI\/ Vrasja e 33-vje\u00e7arit, arrestohet v\u00ebllai i autorit"},"content":{"rendered":"<p>Pas vrasjes s\u00eb regjistruar mbr\u00ebmjen e djeshme \u00eb Shkod\u00ebr ku mbeti i vdekur 33-vje\u00e7ari, Valter Fierza \u00ebsht\u00eb b\u00ebr\u00eb i mundur dit\u00ebn e sotme arrestimi i v\u00ebllait t\u00eb autorit t\u00eb dyshuar.<\/p>\n<p>M\u00ebsohet se n\u00eb pranga ka r\u00ebn\u00eb Paolo Mhilli. N\u00eb lidhje me ngjarjen e r\u00ebnd\u00eb jan\u00eb shpallur n\u00eb k\u00ebrkim si bashk\u00ebpun\u00ebtor\u00eb,\u00a0 Aleksand\u00ebr Mhilli, Lu\u00e7iano Mhilli dhe Enton Dushaj.<\/p>\n<p>Emrat e m\u00ebsip\u00ebrm m\u00ebsohet se jan\u00eb kush\u00ebrinj t\u00eb autorit. Pas aksionit n\u00eb terren u b\u00eb e mundur arrestimi i Paulo Mhillit.<\/p>\n<p>Viktima u q\u00ebllua me automatik kallashnikov nga Klodian Mhilli i cili \u00ebsht\u00eb shpallur n\u00eb k\u00ebrkim.<\/p>\n<p>Dyshohet se shkak i k\u00ebsaj ngjarje t\u00eb r\u00ebnd\u00eb ka nisur p\u00ebr t\u00eb nj\u00eb konflikti mes v\u00ebllait t\u00eb viktim\u00ebs Kol\u00eb Fierza dhe autorit t\u00eb dyshuar t\u00eb vrasjes.<\/p>\n<p>K\u00ebta dy persona kan\u00eb debatuar me nj\u00ebri-tjetrin p\u00ebr nj\u00eb parkimim. Fillimisht debati ka nisur n\u00eb nj\u00eb lokal af\u00ebr banesave lidhur me parkimin duke pretenduar se \u00ebsht\u00eb bllokuar rruga.<\/p>\n<p>Rreth nj\u00eb or\u00eb pas k\u00ebtij debati, konflikti ka vijuar mes viktim\u00ebs Valter Fierza dhe autorit t\u00eb dyshuar.<\/p>\n<p>Pas debatit autori nj\u00ebkoh\u00ebsisht edhe fqinj i tyre ka kalashnikov duke e vrar\u00eb n\u00eb vend 33-vje\u00e7arin.<\/p>\n<p>Pas t\u00eb sht\u00ebnave familjar\u00ebt e viktim\u00ebs kan\u00eb dal\u00eb jasht\u00eb dhe kan\u00eb t\u00eb vdekur 33-vje\u00e7arin i cili ishte i shtrir\u00eb pran\u00eb makin\u00ebs s\u00eb tij.<\/p>\n<p>Autori i dyshuar \u00ebsht\u00eb larguar n\u00eb drejtim t\u00eb paditur i cili u shpall n\u00eb k\u00ebrkim.<\/p>\n<p>Policia ka rrethuar zon\u00ebn ku ndodhi vrasja p\u00ebr t\u00eb b\u00ebr\u00eb t\u00eb mundur gjetjen dhe kapjen e autorit t\u00eb dyshuar.<\/p>\n","protected":false},"excerpt":{"rendered":"<p>Pas vrasjes s\u00eb regjistruar mbr\u00ebmjen e djeshme \u00eb Shkod\u00ebr ku mbeti i vdekur 33-vje\u00e7ari, Valter Fierza \u00ebsht\u00eb b\u00ebr\u00eb i mundur dit\u00ebn e sotme arrestimi i v\u00ebllait t\u00eb autorit t\u00eb dyshuar. M\u00ebsohet se n\u00eb pranga ka r\u00ebn\u00eb Paolo Mhilli. N\u00eb lidhje me ngjarjen e r\u00ebnd\u00eb jan\u00eb shpallur n\u00eb k\u00ebrkim si bashk\u00ebpun\u00ebtor\u00eb,\u00a0 Aleksand\u00ebr Mhilli, Lu\u00e7iano Mhilli dhe [&hellip;]<\/p>\n","protected":false},"author":5,"featured_media":65438,"comment_status":"closed","ping_status":"closed","sticky":false,"template":"","format":"standard","meta":{"footnotes":""},"categories":[1,6332],"tags":[26427,26426],"class_list":{"0":"post-65437","1":"post","2":"type-post","3":"status-publish","4":"format-standard","5":"has-post-thumbnail","7":"category-aktualitet","8":"category-te-fundit","9":"tag-arrestohet-vellai-i-autorit","10":"tag-emri-vrasja-e-33-vjecarit"},"_links":{"self":[{"href":"https:\/\/jugulajm.net\/index.php?rest_route=\/wp\/v2\/posts\/65437","targetHints":{"allow":["GET"]}}],"collection":[{"href":"https:\/\/jugulajm.net\/index.php?rest_route=\/wp\/v2\/posts"}],"about":[{"href":"https:\/\/jugulajm.net\/index.php?rest_route=\/wp\/v2\/types\/post"}],"author":[{"embeddable":true,"href":"https:\/\/jugulajm.net\/index.php?rest_route=\/wp\/v2\/users\/5"}],"replies":[{"embeddable":true,"href":"https:\/\/jugulajm.net\/index.php?rest_route=%2Fwp%2Fv2%2Fcomments&post=65437"}],"version-history":[{"count":0,"href":"https:\/\/jugulajm.net\/index.php?rest_route=\/wp\/v2\/posts\/65437\/revisions"}],"wp:featuredmedia":[{"embeddable":true,"href":"https:\/\/jugulajm.net\/index.php?rest_route=\/wp\/v2\/media\/65438"}],"wp:attachment":[{"href":"https:\/\/jugulajm.net\/index.php?rest_route=%2Fwp%2Fv2%2Fmedia&parent=65437"}],"wp:term":[{"taxonomy":"category","embeddable":true,"href":"https:\/\/jugulajm.net\/index.php?rest_route=%2Fwp%2Fv2%2Fcategories&post=65437"},{"taxonomy":"post_tag","embeddable":true,"href":"https:\/\/jugulajm.net\/index.php?rest_route=%2Fwp%2Fv2%2Ftags&post=65437"}],"curies":[{"name":"wp","href":"https:\/\/api.w.org\/{rel}","templated":true}]}}