{"id":65395,"date":"2023-09-21T19:59:55","date_gmt":"2023-09-21T17:59:55","guid":{"rendered":"https:\/\/jugulajm.net\/?p=65395"},"modified":"2023-09-21T19:59:55","modified_gmt":"2023-09-21T17:59:55","slug":"emrat-aksident-ne-sarande-65-vjecari-perplas-me-makine-kembesoren","status":"publish","type":"post","link":"https:\/\/jugulajm.net\/?p=65395","title":{"rendered":"EMRAT\/ Aksident n\u00eb Sarand\u00eb, 65-vje\u00e7ari p\u00ebrplas me makin\u00eb k\u00ebmb\u00ebsoren"},"content":{"rendered":"<p>Nj\u00eb makin\u00eb ka p\u00ebrplasur nj\u00eb k\u00ebmb\u00ebsore n\u00eb Sarand\u00eb, e cila si pasoj\u00eb e aksidentit ndodhet n\u00eb spital n\u00ebn kujdesin e mjek\u00ebve.<\/p>\n<p>Sipas burimeve shoferi \u00ebsht\u00eb 65 vje\u00e7ari Shaban Idrizi dhe e d\u00ebmtuara \u00ebsht\u00eb Liza Muharremi.<\/p>\n<p><strong>Njoftimi i policis\u00ea:<\/strong><\/p>\n<p><em>Sot, rreth or\u00ebs 18:50, n\u00eb lagjen nr.1, shtetasi Sh. I., 65 vje\u00e7, duke drejtuar automjetin tip \u201cToyota\u201c, ka aksidentuar k\u00ebmbesoren shtetasen L. M., 71 vje\u00e7e, e cila ndodhet n\u00eb spital, n\u00ebn kujdesin e mjek\u00ebve.<\/em><\/p>\n<p><em>Grupi hetimor ndodhet n\u00eb vendngjarje dhe po punon p\u00ebr sqarimin e plot\u00eb t\u00eb rrethanave t\u00eb aksidentit.<\/em><\/p>\n","protected":false},"excerpt":{"rendered":"<p>Nj\u00eb makin\u00eb ka p\u00ebrplasur nj\u00eb k\u00ebmb\u00ebsore n\u00eb Sarand\u00eb, e cila si pasoj\u00eb e aksidentit ndodhet n\u00eb spital n\u00ebn kujdesin e mjek\u00ebve. Sipas burimeve shoferi \u00ebsht\u00eb 65 vje\u00e7ari Shaban Idrizi dhe e d\u00ebmtuara \u00ebsht\u00eb Liza Muharremi. Njoftimi i policis\u00ea: Sot, rreth or\u00ebs 18:50, n\u00eb lagjen nr.1, shtetasi Sh. I., 65 vje\u00e7, duke drejtuar automjetin tip \u201cToyota\u201c, [&hellip;]<\/p>\n","protected":false},"author":5,"featured_media":51993,"comment_status":"closed","ping_status":"closed","sticky":false,"template":"","format":"standard","meta":{"footnotes":""},"categories":[1,6332],"tags":[26410,26409],"class_list":{"0":"post-65395","1":"post","2":"type-post","3":"status-publish","4":"format-standard","5":"has-post-thumbnail","7":"category-aktualitet","8":"category-te-fundit","9":"tag-65-vjecari-perplas-me-makine-kembesoren","10":"tag-emrat-aksident-ne-sarande"},"_links":{"self":[{"href":"https:\/\/jugulajm.net\/index.php?rest_route=\/wp\/v2\/posts\/65395","targetHints":{"allow":["GET"]}}],"collection":[{"href":"https:\/\/jugulajm.net\/index.php?rest_route=\/wp\/v2\/posts"}],"about":[{"href":"https:\/\/jugulajm.net\/index.php?rest_route=\/wp\/v2\/types\/post"}],"author":[{"embeddable":true,"href":"https:\/\/jugulajm.net\/index.php?rest_route=\/wp\/v2\/users\/5"}],"replies":[{"embeddable":true,"href":"https:\/\/jugulajm.net\/index.php?rest_route=%2Fwp%2Fv2%2Fcomments&post=65395"}],"version-history":[{"count":0,"href":"https:\/\/jugulajm.net\/index.php?rest_route=\/wp\/v2\/posts\/65395\/revisions"}],"wp:featuredmedia":[{"embeddable":true,"href":"https:\/\/jugulajm.net\/index.php?rest_route=\/wp\/v2\/media\/51993"}],"wp:attachment":[{"href":"https:\/\/jugulajm.net\/index.php?rest_route=%2Fwp%2Fv2%2Fmedia&parent=65395"}],"wp:term":[{"taxonomy":"category","embeddable":true,"href":"https:\/\/jugulajm.net\/index.php?rest_route=%2Fwp%2Fv2%2Fcategories&post=65395"},{"taxonomy":"post_tag","embeddable":true,"href":"https:\/\/jugulajm.net\/index.php?rest_route=%2Fwp%2Fv2%2Ftags&post=65395"}],"curies":[{"name":"wp","href":"https:\/\/api.w.org\/{rel}","templated":true}]}}