{"id":65302,"date":"2023-09-17T13:09:15","date_gmt":"2023-09-17T11:09:15","guid":{"rendered":"https:\/\/jugulajm.net\/?p=65302"},"modified":"2023-09-17T13:09:50","modified_gmt":"2023-09-17T11:09:50","slug":"video-shperthen-artisti-nga-dragoti-prapanicat-dhe-sutjenat-u-bene-vlere","status":"publish","type":"post","link":"https:\/\/jugulajm.net\/?p=65302","title":{"rendered":"VIDEO\/ Shp\u00ebrthen artisti nga Dragoti: Prapanicat dhe sutjenat u b\u00ebn\u00eb vler\u00eb"},"content":{"rendered":"<p>Komentet dhe fyerjet n\u00eb rrjetet sociale duke prodhuar nj\u00eb gjuh\u00eb urrejtjeje dhe munges\u00eb t\u00eb informacionit, argumentit apo kritik\u00ebs sh\u00ebnjestrojn\u00eb k\u00ebdo q\u00eb i p\u00ebrdor.<\/p>\n<p>Gjat\u00eb diskutimit n\u00eb \u201cShije Sht\u00ebpie\u201d n\u00eb Tv Klan p\u00ebr motivet dhe faktor\u00ebt q\u00eb kan\u00eb sjell\u00eb komentet negative, artisti nga Dragoti i Tepelenes, Robert Aliaj bie dakord me bashk\u00ebbiseduesit q\u00eb rendisin arsye si kultura e p\u00ebrgjithshme e nj\u00eb populli, formimi, ndrydhja, mungesa e konceptimit t\u00eb liris\u00eb dhe privat\u00ebsis\u00eb s\u00eb tjetrit, por shton se nj\u00eb rol kryesor n\u00eb p\u00ebrkeq\u00ebsimin e situat\u00ebs e kan\u00eb luajtur figurat televizive.<\/p>\n<p>Sipas Aliajt, promovimi i vulgaritetit me q\u00ebllimin p\u00ebr t\u2019u shitur \u00ebsht\u00eb kthyer n\u00eb nj\u00eb vler\u00eb teksa\u00a0 p\u00ebrgjegjshm\u00ebria ka qen\u00eb inekzistente.<\/p>\n<p><iframe loading=\"lazy\" class=\"entered litespeed-loaded\" title=\"YouTube video player\" src=\"https:\/\/www.youtube.com\/embed\/b9xmYFB6ANA?si=UoIChPgCdbr5sTo_\" width=\"560\" height=\"315\" frameborder=\"0\" allowfullscreen=\"allowfullscreen\" data-lazyloaded=\"1\" data-src=\"https:\/\/www.youtube.com\/embed\/b9xmYFB6ANA?si=UoIChPgCdbr5sTo_\" data-ll-status=\"loaded\" data-mce-fragment=\"1\"><\/iframe><\/p>\n<p><strong>Robert Aliaj:\u00a0<\/strong><em>Nuk diskutohet q\u00eb kultura e p\u00ebrgjithshme \u00ebsht\u00eb nj\u00eb faktor, por \u00e7far\u00eb e b\u00ebri k\u00ebt\u00eb kultur\u00eb t\u00eb p\u00ebrgjithshme, \u00e7far\u00eb ndikoi m\u00eb keq? Jemi ne njer\u00ebzit e televizionit. Nuk ka nj\u00eb personazh publik q\u00eb t\u00eb shoh\u00ebsh q\u00eb mos t\u00eb shes\u00eb aty sa lek\u00eb ka, sa i blen xhinset, t\u00eb fryhet, t\u00eb deformohet si t\u00eb doj\u00eb vet\u00ebm p\u00ebr t\u2019u shitur, pra nuk ka nj\u00eb personazh publik n\u00eb ve\u00e7anti vajzat, q\u00eb m\u00eb vjen shum\u00eb keq, e kupton se un\u00eb kam vajz\u00eb vet\u00eb dhe nuk do doja kurr\u00eb ta shikoja n\u00eb at\u00eb gjendje, t\u00eb deformuar vet\u00ebm p\u00ebr t\u2019iu p\u00ebrshtatur shijeve t\u00eb k\u00ebtij publiku vulgar.<\/em><\/p>\n<p><em>Pra neve, p\u00ebrgjegjshm\u00ebria jon\u00eb ishte 0. Neve, neve q\u00eb b\u00ebm\u00eb televizionin, ne q\u00eb p\u00ebrb\u00ebnim opinion, neve ishim fokusuar te mungesat tona, te halli jon\u00eb. Dilnim edhe shisnim vet\u00ebm sa t\u00eb bukura jemi, \u00e7far\u00eb trupi kam, si i kam prapanicat, shikoni sutjenat, shiko k\u00ebt\u00eb dhe vet\u00ebm provokonim dhe u b\u00eb vler\u00eb kjo e kupton, se ka kaq vjet q\u00eb po ndodh kjo n\u00ebp\u00ebr ekran.<\/em><\/p>\n","protected":false},"excerpt":{"rendered":"<p>Komentet dhe fyerjet n\u00eb rrjetet sociale duke prodhuar nj\u00eb gjuh\u00eb urrejtjeje dhe munges\u00eb t\u00eb informacionit, argumentit apo kritik\u00ebs sh\u00ebnjestrojn\u00eb k\u00ebdo q\u00eb i p\u00ebrdor. Gjat\u00eb diskutimit n\u00eb \u201cShije Sht\u00ebpie\u201d n\u00eb Tv Klan p\u00ebr motivet dhe faktor\u00ebt q\u00eb kan\u00eb sjell\u00eb komentet negative, artisti nga Dragoti i Tepelenes, Robert Aliaj bie dakord me bashk\u00ebbiseduesit q\u00eb rendisin arsye si [&hellip;]<\/p>\n","protected":false},"author":5,"featured_media":50861,"comment_status":"closed","ping_status":"closed","sticky":false,"template":"","format":"standard","meta":{"footnotes":""},"categories":[1,6332],"tags":[26365],"class_list":{"0":"post-65302","1":"post","2":"type-post","3":"status-publish","4":"format-standard","5":"has-post-thumbnail","7":"category-aktualitet","8":"category-te-fundit","9":"tag-video-shperthen-artisti-nga-dragoti-prapanicat-dhe-sutjenat-u-bene-vlere"},"_links":{"self":[{"href":"https:\/\/jugulajm.net\/index.php?rest_route=\/wp\/v2\/posts\/65302","targetHints":{"allow":["GET"]}}],"collection":[{"href":"https:\/\/jugulajm.net\/index.php?rest_route=\/wp\/v2\/posts"}],"about":[{"href":"https:\/\/jugulajm.net\/index.php?rest_route=\/wp\/v2\/types\/post"}],"author":[{"embeddable":true,"href":"https:\/\/jugulajm.net\/index.php?rest_route=\/wp\/v2\/users\/5"}],"replies":[{"embeddable":true,"href":"https:\/\/jugulajm.net\/index.php?rest_route=%2Fwp%2Fv2%2Fcomments&post=65302"}],"version-history":[{"count":0,"href":"https:\/\/jugulajm.net\/index.php?rest_route=\/wp\/v2\/posts\/65302\/revisions"}],"wp:featuredmedia":[{"embeddable":true,"href":"https:\/\/jugulajm.net\/index.php?rest_route=\/wp\/v2\/media\/50861"}],"wp:attachment":[{"href":"https:\/\/jugulajm.net\/index.php?rest_route=%2Fwp%2Fv2%2Fmedia&parent=65302"}],"wp:term":[{"taxonomy":"category","embeddable":true,"href":"https:\/\/jugulajm.net\/index.php?rest_route=%2Fwp%2Fv2%2Fcategories&post=65302"},{"taxonomy":"post_tag","embeddable":true,"href":"https:\/\/jugulajm.net\/index.php?rest_route=%2Fwp%2Fv2%2Ftags&post=65302"}],"curies":[{"name":"wp","href":"https:\/\/api.w.org\/{rel}","templated":true}]}}