{"id":65262,"date":"2023-09-16T12:48:37","date_gmt":"2023-09-16T10:48:37","guid":{"rendered":"https:\/\/jugulajm.net\/?p=65262"},"modified":"2023-09-16T12:48:37","modified_gmt":"2023-09-16T10:48:37","slug":"video-ja-kush-eshte-polici-qe-humbi-jeten-ne-aksident","status":"publish","type":"post","link":"https:\/\/jugulajm.net\/?p=65262","title":{"rendered":"VIDEO\/ Ja kush \u00ebsht\u00eb polici q\u00eb humbi jet\u00ebn n\u00eb aksident"},"content":{"rendered":"<p>Nj\u00eb aksident tragjik \u00ebsht\u00eb regjistruar m\u00ebngjesin e k\u00ebsaj t\u00eb shtune (16 shtator) n\u00eb aksin Rr\u00ebshen-Rubik ku p\u00ebr pasoj\u00eb nd\u00ebrroi jet\u00eb efektivi i Policis\u00eb s\u00eb Mirdit\u00ebs, G\u00ebzim Lazri dhe u plagos nj\u00eb malazez.<\/p>\n<p>Ngjarja ndodhi rreth or\u00ebs 07:20 n\u00eb Rrug\u00ebn e Kombit, nd\u00ebrsa policia sqaron se ka qen\u00eb nj\u00eb manov\u00ebr e gabuar e shtetasit malazez i cili drejtonte mjetin tip \u2018Chevrolet\u2019 q\u00eb ka shkaktuar aksidentin.<\/p>\n<p>Drejtuesi malazez u p\u00ebrplas me mjetin tip \u2018Benz\u2019 q\u00eb drejtohej nga viktima. P\u00ebrplasja e dy mjeteve rezultoi fatale p\u00ebr efektivin e policis\u00eb, i cili ishte duke u kthyer nga sh\u00ebrbimi p\u00ebr n\u00eb banes\u00ebn e tij.<\/p>\n<p>Shtetasi malazez ndodhet n\u00eb spital p\u00ebr ndihm\u00eb mjek\u00ebsore nd\u00ebrsa ndodhet jasht\u00eb rrezikut p\u00ebr jet\u00ebn.<\/p>\n<p><iframe loading=\"lazy\" class=\"rumble\" src=\"https:\/\/rumble.com\/embed\/v3fi0p6\/?pub=1j3sut\" width=\"640\" height=\"360\" frameborder=\"0\" allowfullscreen=\"allowfullscreen\" data-mce-fragment=\"1\"><\/iframe><\/p>\n<p><iframe loading=\"lazy\" class=\"rumble\" src=\"https:\/\/rumble.com\/embed\/v3fhzom\/?pub=1j3sut\" width=\"640\" height=\"360\" frameborder=\"0\" allowfullscreen=\"allowfullscreen\" data-mce-fragment=\"1\"><\/iframe><\/p>\n","protected":false},"excerpt":{"rendered":"<p>Nj\u00eb aksident tragjik \u00ebsht\u00eb regjistruar m\u00ebngjesin e k\u00ebsaj t\u00eb shtune (16 shtator) n\u00eb aksin Rr\u00ebshen-Rubik ku p\u00ebr pasoj\u00eb nd\u00ebrroi jet\u00eb efektivi i Policis\u00eb s\u00eb Mirdit\u00ebs, G\u00ebzim Lazri dhe u plagos nj\u00eb malazez. Ngjarja ndodhi rreth or\u00ebs 07:20 n\u00eb Rrug\u00ebn e Kombit, nd\u00ebrsa policia sqaron se ka qen\u00eb nj\u00eb manov\u00ebr e gabuar e shtetasit malazez i [&hellip;]<\/p>\n","protected":false},"author":5,"featured_media":65263,"comment_status":"closed","ping_status":"closed","sticky":false,"template":"","format":"standard","meta":{"footnotes":""},"categories":[1,6332],"tags":[26346],"class_list":{"0":"post-65262","1":"post","2":"type-post","3":"status-publish","4":"format-standard","5":"has-post-thumbnail","7":"category-aktualitet","8":"category-te-fundit","9":"tag-video-ja-kush-eshte-polici-qe-humbi-jeten-ne-aksident"},"_links":{"self":[{"href":"https:\/\/jugulajm.net\/index.php?rest_route=\/wp\/v2\/posts\/65262","targetHints":{"allow":["GET"]}}],"collection":[{"href":"https:\/\/jugulajm.net\/index.php?rest_route=\/wp\/v2\/posts"}],"about":[{"href":"https:\/\/jugulajm.net\/index.php?rest_route=\/wp\/v2\/types\/post"}],"author":[{"embeddable":true,"href":"https:\/\/jugulajm.net\/index.php?rest_route=\/wp\/v2\/users\/5"}],"replies":[{"embeddable":true,"href":"https:\/\/jugulajm.net\/index.php?rest_route=%2Fwp%2Fv2%2Fcomments&post=65262"}],"version-history":[{"count":0,"href":"https:\/\/jugulajm.net\/index.php?rest_route=\/wp\/v2\/posts\/65262\/revisions"}],"wp:featuredmedia":[{"embeddable":true,"href":"https:\/\/jugulajm.net\/index.php?rest_route=\/wp\/v2\/media\/65263"}],"wp:attachment":[{"href":"https:\/\/jugulajm.net\/index.php?rest_route=%2Fwp%2Fv2%2Fmedia&parent=65262"}],"wp:term":[{"taxonomy":"category","embeddable":true,"href":"https:\/\/jugulajm.net\/index.php?rest_route=%2Fwp%2Fv2%2Fcategories&post=65262"},{"taxonomy":"post_tag","embeddable":true,"href":"https:\/\/jugulajm.net\/index.php?rest_route=%2Fwp%2Fv2%2Ftags&post=65262"}],"curies":[{"name":"wp","href":"https:\/\/api.w.org\/{rel}","templated":true}]}}