{"id":65233,"date":"2023-09-15T19:55:52","date_gmt":"2023-09-15T17:55:52","guid":{"rendered":"https:\/\/jugulajm.net\/?p=65233"},"modified":"2023-09-15T19:55:52","modified_gmt":"2023-09-15T17:55:52","slug":"flet-ministri-grek-pasi-vizitoi-belerin-pala-shqiptare-te-lejoje-betimin-e-tij","status":"publish","type":"post","link":"https:\/\/jugulajm.net\/?p=65233","title":{"rendered":"Flet ministri grek pasi vizitoi Belerin: Pala shqiptare t\u00eb lejoj\u00eb betimin e tij"},"content":{"rendered":"<p>Ministri i Brendsh\u00ebm grek, Janis Ikonomu ka folur pas takimit q\u00eb zhvilloi n\u00eb burgun e Durr\u00ebsit me Fredi Belerin, fituesin e zgjedhjeve p\u00ebr kryebashkiak n\u00eb Himar\u00eb, Fredi Belerin.<\/p>\n<p>Ikonomu iu k\u00ebrkon autoriteteve shqiptare q\u00eb t\u00eb lejohet menj\u00ebher\u00eb betimi i Belerit si kryebashkiak i Himar\u00ebs, teksa shton se kjo \u00e7\u00ebshtje po hedh hije mbi marr\u00ebdh\u00ebniet mes dy vendeve.<\/p>\n<p><em>\u201cU takova sot n\u00eb burgjet e Durr\u00ebsit, n\u00eb prani t\u00eb ambasadores ton\u00eb n\u00eb Shqip\u00ebri, Konstantinas Kamitsi, me kryetarin e zgjedhur t\u00eb Bashkis\u00eb s\u00eb Himar\u00ebs, an\u00ebtar i minoritetit etnik grek t\u00eb Shqip\u00ebris\u00eb, Fredi Beleri, i cili q\u00ebndron n\u00eb paraburgim p\u00ebr m\u00eb shum\u00eb se kat\u00ebr muaj. P\u00ebr Greqin\u00eb ky rast ka qen\u00eb q\u00eb n\u00eb fillim dhe mbetet tejet serioz. Respektimi i shtetit t\u00eb s\u00eb drejt\u00ebs dhe i t\u00eb drejtave politike jan\u00eb parimet dhe vlerat kryesore evropiane.<\/em><\/p>\n<p><em>Q\u00ebndrimi i Greqis\u00eb \u00ebsht\u00eb se n\u00eb rastin e Belerit nuk merren parasysh parimet e shtetit ligjor, prezumimi i pafaj\u00ebsis\u00eb dhe respektimi i t\u00eb drejtave politike.<\/em><\/p>\n<p><em>Pala shqiptare duhet t\u00eb lejoj\u00eb menj\u00ebher\u00eb betimin e Belerit si kryetar bashkie, duke respektuar verdiktin e qytetar\u00ebve n\u00eb zgjedhjet e fundit. Zgjatja e situat\u00ebs aktuale hedh nj\u00eb hije serioze mbi marr\u00ebdh\u00ebniet tona dypal\u00ebshe dhe \u00ebsht\u00eb n\u00eb kund\u00ebrshtim me t\u00eb drejt\u00ebn ligjore evropiane, me gjith\u00e7ka q\u00eb ajo p\u00ebrfshin<\/em>\u201d, tha ai.<\/p>\n","protected":false},"excerpt":{"rendered":"<p>Ministri i Brendsh\u00ebm grek, Janis Ikonomu ka folur pas takimit q\u00eb zhvilloi n\u00eb burgun e Durr\u00ebsit me Fredi Belerin, fituesin e zgjedhjeve p\u00ebr kryebashkiak n\u00eb Himar\u00eb, Fredi Belerin. Ikonomu iu k\u00ebrkon autoriteteve shqiptare q\u00eb t\u00eb lejohet menj\u00ebher\u00eb betimi i Belerit si kryebashkiak i Himar\u00ebs, teksa shton se kjo \u00e7\u00ebshtje po hedh hije mbi marr\u00ebdh\u00ebniet mes [&hellip;]<\/p>\n","protected":false},"author":5,"featured_media":65234,"comment_status":"closed","ping_status":"closed","sticky":false,"template":"","format":"standard","meta":{"footnotes":""},"categories":[1,6332],"tags":[26332],"class_list":{"0":"post-65233","1":"post","2":"type-post","3":"status-publish","4":"format-standard","5":"has-post-thumbnail","7":"category-aktualitet","8":"category-te-fundit","9":"tag-flet-ministri-grek-pasi-vizitoi-belerin-pala-shqiptare-te-lejoje-betimin-e-tij"},"_links":{"self":[{"href":"https:\/\/jugulajm.net\/index.php?rest_route=\/wp\/v2\/posts\/65233","targetHints":{"allow":["GET"]}}],"collection":[{"href":"https:\/\/jugulajm.net\/index.php?rest_route=\/wp\/v2\/posts"}],"about":[{"href":"https:\/\/jugulajm.net\/index.php?rest_route=\/wp\/v2\/types\/post"}],"author":[{"embeddable":true,"href":"https:\/\/jugulajm.net\/index.php?rest_route=\/wp\/v2\/users\/5"}],"replies":[{"embeddable":true,"href":"https:\/\/jugulajm.net\/index.php?rest_route=%2Fwp%2Fv2%2Fcomments&post=65233"}],"version-history":[{"count":0,"href":"https:\/\/jugulajm.net\/index.php?rest_route=\/wp\/v2\/posts\/65233\/revisions"}],"wp:featuredmedia":[{"embeddable":true,"href":"https:\/\/jugulajm.net\/index.php?rest_route=\/wp\/v2\/media\/65234"}],"wp:attachment":[{"href":"https:\/\/jugulajm.net\/index.php?rest_route=%2Fwp%2Fv2%2Fmedia&parent=65233"}],"wp:term":[{"taxonomy":"category","embeddable":true,"href":"https:\/\/jugulajm.net\/index.php?rest_route=%2Fwp%2Fv2%2Fcategories&post=65233"},{"taxonomy":"post_tag","embeddable":true,"href":"https:\/\/jugulajm.net\/index.php?rest_route=%2Fwp%2Fv2%2Ftags&post=65233"}],"curies":[{"name":"wp","href":"https:\/\/api.w.org\/{rel}","templated":true}]}}