{"id":65210,"date":"2023-09-15T12:00:43","date_gmt":"2023-09-15T10:00:43","guid":{"rendered":"https:\/\/jugulajm.net\/?p=65210"},"modified":"2023-09-15T12:00:43","modified_gmt":"2023-09-15T10:00:43","slug":"emri-foto-itali-humb-jeten-38-vjecari-shqiptar-ishte-me-skuter-kur-u-aksidentua","status":"publish","type":"post","link":"https:\/\/jugulajm.net\/?p=65210","title":{"rendered":"EMRI-FOTO\/ Itali, humb jet\u00ebn 38-vje\u00e7ari shqiptar, ishte me skuter kur u aksidentua"},"content":{"rendered":"<p>Nj\u00eb aksident i r\u00ebnd\u00eb ka ndodhur n\u00eb Tezze sul Brenta, Itali, ku nj\u00eb 38-vje\u00e7ar shqiptar, Altin Lekaj, ka humbur jet\u00ebn.<\/p>\n<p>Mediat e huaja raportojn\u00eb se 38-vje\u00e7ari teksa po l\u00ebvizte me skuter\u00a0\u00ebsht\u00eb p\u00ebrplasur me nj\u00eb makin\u00eb q\u00eb i vinte p\u00ebrball\u00eb.<\/p>\n<p>Sipas mediave italiane, pas p\u00ebrplasjes me makin\u00ebn q\u00eb i vinte p\u00ebrball\u00eb, nj\u00eb tjet\u00ebr automjet e ka p\u00ebrplasur s\u00ebrish duke mos e shmangur dot 38-vje\u00e7arin.<\/p>\n<p>Ai jetonte pran\u00eb vendit t\u00eb aksidentit me bashk\u00ebshorten e tij, gjithashtu e lindur n\u00eb Shqip\u00ebri dhe tre f\u00ebmij\u00ebt e tyre t\u00eb mitur, raportojn\u00eb mediat italiane.<\/p>\n<p>Sh\u00ebrbimet e emergjenc\u00ebs mb\u00ebrrit\u00ebn n\u00eb vendngjarje, por raportuan se 38-vje\u00e7ari kishte nd\u00ebrruar jet\u00eb n\u00eb vend.<\/p>\n<p>N\u00eb vendngjarje ka shkuar edhe kryebashkiaku, Luigi Pellanda, i cili shprehu ngush\u00ebllimet e tij familjes s\u00eb shqiptarit.<\/p>\n","protected":false},"excerpt":{"rendered":"<p>Nj\u00eb aksident i r\u00ebnd\u00eb ka ndodhur n\u00eb Tezze sul Brenta, Itali, ku nj\u00eb 38-vje\u00e7ar shqiptar, Altin Lekaj, ka humbur jet\u00ebn. Mediat e huaja raportojn\u00eb se 38-vje\u00e7ari teksa po l\u00ebvizte me skuter\u00a0\u00ebsht\u00eb p\u00ebrplasur me nj\u00eb makin\u00eb q\u00eb i vinte p\u00ebrball\u00eb. Sipas mediave italiane, pas p\u00ebrplasjes me makin\u00ebn q\u00eb i vinte p\u00ebrball\u00eb, nj\u00eb tjet\u00ebr automjet e ka [&hellip;]<\/p>\n","protected":false},"author":5,"featured_media":65211,"comment_status":"closed","ping_status":"closed","sticky":false,"template":"","format":"standard","meta":{"footnotes":""},"categories":[1,6332],"tags":[23305,26319,26320],"class_list":{"0":"post-65210","1":"post","2":"type-post","3":"status-publish","4":"format-standard","5":"has-post-thumbnail","7":"category-aktualitet","8":"category-te-fundit","9":"tag-emri-foto-itali","10":"tag-humb-jeten-38-vjecari-shqiptar","11":"tag-ishte-me-skuter-kur-u-aksidentua"},"_links":{"self":[{"href":"https:\/\/jugulajm.net\/index.php?rest_route=\/wp\/v2\/posts\/65210","targetHints":{"allow":["GET"]}}],"collection":[{"href":"https:\/\/jugulajm.net\/index.php?rest_route=\/wp\/v2\/posts"}],"about":[{"href":"https:\/\/jugulajm.net\/index.php?rest_route=\/wp\/v2\/types\/post"}],"author":[{"embeddable":true,"href":"https:\/\/jugulajm.net\/index.php?rest_route=\/wp\/v2\/users\/5"}],"replies":[{"embeddable":true,"href":"https:\/\/jugulajm.net\/index.php?rest_route=%2Fwp%2Fv2%2Fcomments&post=65210"}],"version-history":[{"count":0,"href":"https:\/\/jugulajm.net\/index.php?rest_route=\/wp\/v2\/posts\/65210\/revisions"}],"wp:featuredmedia":[{"embeddable":true,"href":"https:\/\/jugulajm.net\/index.php?rest_route=\/wp\/v2\/media\/65211"}],"wp:attachment":[{"href":"https:\/\/jugulajm.net\/index.php?rest_route=%2Fwp%2Fv2%2Fmedia&parent=65210"}],"wp:term":[{"taxonomy":"category","embeddable":true,"href":"https:\/\/jugulajm.net\/index.php?rest_route=%2Fwp%2Fv2%2Fcategories&post=65210"},{"taxonomy":"post_tag","embeddable":true,"href":"https:\/\/jugulajm.net\/index.php?rest_route=%2Fwp%2Fv2%2Ftags&post=65210"}],"curies":[{"name":"wp","href":"https:\/\/api.w.org\/{rel}","templated":true}]}}