{"id":65207,"date":"2023-09-15T11:03:19","date_gmt":"2023-09-15T09:03:19","guid":{"rendered":"https:\/\/jugulajm.net\/?p=65207"},"modified":"2023-09-15T11:03:19","modified_gmt":"2023-09-15T09:03:19","slug":"video-fabiani-berberi-qe-qethi-ramen-i-pagoi-leket-por","status":"publish","type":"post","link":"https:\/\/jugulajm.net\/?p=65207","title":{"rendered":"VIDEO\/ Fabiani, berberi q\u00eb qethi Ram\u00ebn: I pagoi lek\u00ebt, por&#8230;"},"content":{"rendered":"<div class=\"td_block_wrap tdb_single_content tdi_88 td-pb-border-top td_block_template_1 td-post-content tagdiv-type\" data-td-block-uid=\"tdi_88\">\n<div class=\"tdb-block-inner td-fix-index\">\n<p>Fabiani, berberi fierak q\u00eb qethi Edi Ram\u00ebn k\u00ebt\u00eb ver\u00eb, ka treguar n\u00eb nj\u00eb emision televiziv se kryeministri i ka paguar parat\u00eb si \u00e7do klient tjet\u00ebr, por e ka tepruar me bakshishin.<\/p>\n<p><em>\u201cNj\u00eb pages\u00eb u b\u00eb, por me (bakshishin) e teproi pak\u201d,<\/em>\u00a0u shpreh Fabiani n\u00eb emisionin \u201cZgjohu\u201d n\u00eb MCN.<\/p>\n<p>I riu q\u00eb \u201cb\u00ebri skulptur\u00eb\u201d me kok\u00ebn e tij, si\u00e7 e quajti Edi Rama kur e publikoi n\u00eb llogarit\u00eb e veta n\u00eb rrjetet sociale, tha se qethja e kryeministrit i ka shtuar pun\u00ebn. Njer\u00ebzit shkojn\u00eb n\u00eb sallonin e tij dhe i k\u00ebrkojn\u00eb t\u2019i qethi nj\u00eblloj si ai.<\/p>\n<figure id=\"attachment_736498\" class=\"wp-caption alignnone\" aria-describedby=\"caption-attachment-736498\"><img loading=\"lazy\" loading=\"lazy\" decoding=\"async\" class=\"size-full wp-image-736498 td-animation-stack-type0-2 lazy-loaded\" src=\"https:\/\/newsbomb.net\/wp-content\/uploads\/2023\/09\/Screenshot_3-28.jpg\" alt=\"\" width=\"1128\" height=\"827\" data-lazy-type=\"image\" data-src=\"https:\/\/newsbomb.net\/wp-content\/uploads\/2023\/09\/Screenshot_3-28.jpg\" \/><figcaption id=\"caption-attachment-736498\" class=\"wp-caption-text\">Fotografia qe publikoi Edi Rama ne Instagram, teksa Fabiani e qethte<\/figcaption><\/figure>\n<p><em>\u201cNj\u00eb person diku te 65-70 vje\u00e7 m\u00eb tha o \u00e7uni ti je berberi i Ram\u00ebs, m\u00eb tha mua. Po, i thash\u00eb. Ore do m\u00eb qeth\u00ebsh pak si ai, m\u00eb tha mua\u201d,<\/em>\u00a0tregoi Fabiani. Por p\u00ebr m\u00eb tep\u00ebr, ndiqni videon e m\u00ebposhtme teksa berberi e rr\u00ebfen vet\u00eb qethen e Ram\u00ebs dhe ndodhin me qytetarin.<\/p>\n<blockquote id=\"v56149238347290950\" class=\"tiktok-embed\" cite=\"https:\/\/www.tiktok.com\/@borashahini15\/video\/7278789072422784262\" data-video-id=\"7278789072422784262\"><p><iframe src=\"https:\/\/www.tiktok.com\/embed\/v2\/7278789072422784262?lang=en-GB&amp;referrer=https%3A%2F%2Fnewsbomb.net%2Fvideo-berberi-fierak-qe-qethi-edi-ramen-i-pagoi-leket-por-e-teproi-me-bakshishin%2F%3Ffbclid%3DIwAR18iMphYzxEXNn61otCL6fn6A0lIqNMJzGYQOEkNRl26z6dGjxvTiTxajw\" name=\"__tt_embed__v56149238347290950\" sandbox=\"allow-popups allow-popups-to-escape-sandbox allow-scripts allow-top-navigation allow-same-origin\" data-mce-fragment=\"1\"><\/iframe><\/p><\/blockquote>\n<\/div>\n<\/div>\n","protected":false},"excerpt":{"rendered":"<p>Fabiani, berberi fierak q\u00eb qethi Edi Ram\u00ebn k\u00ebt\u00eb ver\u00eb, ka treguar n\u00eb nj\u00eb emision televiziv se kryeministri i ka paguar parat\u00eb si \u00e7do klient tjet\u00ebr, por e ka tepruar me bakshishin. \u201cNj\u00eb pages\u00eb u b\u00eb, por me (bakshishin) e teproi pak\u201d,\u00a0u shpreh Fabiani n\u00eb emisionin \u201cZgjohu\u201d n\u00eb MCN. I riu q\u00eb \u201cb\u00ebri skulptur\u00eb\u201d me kok\u00ebn [&hellip;]<\/p>\n","protected":false},"author":5,"featured_media":65208,"comment_status":"closed","ping_status":"closed","sticky":false,"template":"","format":"standard","meta":{"footnotes":""},"categories":[1,6332],"tags":[26318,21429,26317],"class_list":{"0":"post-65207","1":"post","2":"type-post","3":"status-publish","4":"format-standard","5":"has-post-thumbnail","7":"category-aktualitet","8":"category-te-fundit","9":"tag-berberi-qe-qethi-ramen-i-pagoi-leket","10":"tag-por","11":"tag-video-fabiani"},"_links":{"self":[{"href":"https:\/\/jugulajm.net\/index.php?rest_route=\/wp\/v2\/posts\/65207","targetHints":{"allow":["GET"]}}],"collection":[{"href":"https:\/\/jugulajm.net\/index.php?rest_route=\/wp\/v2\/posts"}],"about":[{"href":"https:\/\/jugulajm.net\/index.php?rest_route=\/wp\/v2\/types\/post"}],"author":[{"embeddable":true,"href":"https:\/\/jugulajm.net\/index.php?rest_route=\/wp\/v2\/users\/5"}],"replies":[{"embeddable":true,"href":"https:\/\/jugulajm.net\/index.php?rest_route=%2Fwp%2Fv2%2Fcomments&post=65207"}],"version-history":[{"count":0,"href":"https:\/\/jugulajm.net\/index.php?rest_route=\/wp\/v2\/posts\/65207\/revisions"}],"wp:featuredmedia":[{"embeddable":true,"href":"https:\/\/jugulajm.net\/index.php?rest_route=\/wp\/v2\/media\/65208"}],"wp:attachment":[{"href":"https:\/\/jugulajm.net\/index.php?rest_route=%2Fwp%2Fv2%2Fmedia&parent=65207"}],"wp:term":[{"taxonomy":"category","embeddable":true,"href":"https:\/\/jugulajm.net\/index.php?rest_route=%2Fwp%2Fv2%2Fcategories&post=65207"},{"taxonomy":"post_tag","embeddable":true,"href":"https:\/\/jugulajm.net\/index.php?rest_route=%2Fwp%2Fv2%2Ftags&post=65207"}],"curies":[{"name":"wp","href":"https:\/\/api.w.org\/{rel}","templated":true}]}}