{"id":65183,"date":"2023-09-14T18:59:00","date_gmt":"2023-09-14T16:59:00","guid":{"rendered":"https:\/\/jugulajm.net\/?p=65183"},"modified":"2023-09-14T18:59:00","modified_gmt":"2023-09-14T16:59:00","slug":"arrestohet-26-vjecari-tepelenas-theu-masen-e-sigurise-arrest-ne-shtepi","status":"publish","type":"post","link":"https:\/\/jugulajm.net\/?p=65183","title":{"rendered":"Arrestohet 26-vje\u00e7ari tepelenas, theu mas\u00ebn e siguris\u00eb &#8220;Arrest n\u00eb sht\u00ebpi&#8221;"},"content":{"rendered":"<p>Theu mas\u00ebn e siguris\u00eb &#8220;Arrest n\u00eb sht\u00ebpi&#8221;, vihet n\u00eb pranga 26-vje\u00e7ari.<\/p>\n<p>Specialist\u00ebt e Seksionit p\u00ebr Hetimin e Trafiqeve t\u00eb Paligjshme dhe Narkotik\u00ebve t\u00eb DVP Gjirokast\u00ebr, n\u00eb bashk\u00ebpunim me Komisariatin e Policis\u00eb Tepelen\u00eb,kap\u00ebn dhe arrestuan shtetasin S. S., 26 vje\u00e7, banues n\u00eb Tepelen\u00eb.<\/p>\n<p>26-vje\u00e7ari u arrestua pasi \u00ebsht\u00eb kapur n\u00eb flagranc\u00eb jasht\u00eb banes\u00ebs s\u00eb tij, nd\u00ebrkoh\u00eb q\u00eb ishte me mas\u00eb sigurie &#8220;Arrest n\u00eb sht\u00ebpi&#8221;, t\u00eb caktuar Gjykata e Gjirokastr\u00ebs, p\u00ebr vepr\u00ebn penale &#8220;Dh\u00ebnia ndihm\u00eb p\u00ebr kalim t\u00eb paligjsh\u00ebm t\u00eb kufirit&#8221;, p\u00ebr nj\u00eb rast t\u00eb goditur m\u00eb dat\u00eb 10.03.2022, n\u00eb aksin nacional Gjirokast\u00ebr-Virua.<\/p>\n<p>Materialet procedurale i kaluan Prokuroris\u00eb pran\u00eb Gjykat\u00ebs s\u00eb Shkall\u00ebs s\u00eb Par\u00eb t\u00eb Juridiksionit t\u00eb P\u00ebrgjithsh\u00ebm Gjirokast\u00ebr, p\u00ebr veprime t\u00eb m\u00ebtejshme.<\/p>\n","protected":false},"excerpt":{"rendered":"<p>Theu mas\u00ebn e siguris\u00eb &#8220;Arrest n\u00eb sht\u00ebpi&#8221;, vihet n\u00eb pranga 26-vje\u00e7ari. Specialist\u00ebt e Seksionit p\u00ebr Hetimin e Trafiqeve t\u00eb Paligjshme dhe Narkotik\u00ebve t\u00eb DVP Gjirokast\u00ebr, n\u00eb bashk\u00ebpunim me Komisariatin e Policis\u00eb Tepelen\u00eb,kap\u00ebn dhe arrestuan shtetasin S. S., 26 vje\u00e7, banues n\u00eb Tepelen\u00eb. 26-vje\u00e7ari u arrestua pasi \u00ebsht\u00eb kapur n\u00eb flagranc\u00eb jasht\u00eb banes\u00ebs s\u00eb tij, nd\u00ebrkoh\u00eb [&hellip;]<\/p>\n","protected":false},"author":5,"featured_media":52023,"comment_status":"closed","ping_status":"closed","sticky":false,"template":"","format":"standard","meta":{"footnotes":""},"categories":[1,6332],"tags":[26307,26308],"class_list":{"0":"post-65183","1":"post","2":"type-post","3":"status-publish","4":"format-standard","5":"has-post-thumbnail","7":"category-aktualitet","8":"category-te-fundit","9":"tag-arrestohet-26-vjecari-tepelenas","10":"tag-theu-masen-e-sigurise-arrest-ne-shtepi"},"_links":{"self":[{"href":"https:\/\/jugulajm.net\/index.php?rest_route=\/wp\/v2\/posts\/65183","targetHints":{"allow":["GET"]}}],"collection":[{"href":"https:\/\/jugulajm.net\/index.php?rest_route=\/wp\/v2\/posts"}],"about":[{"href":"https:\/\/jugulajm.net\/index.php?rest_route=\/wp\/v2\/types\/post"}],"author":[{"embeddable":true,"href":"https:\/\/jugulajm.net\/index.php?rest_route=\/wp\/v2\/users\/5"}],"replies":[{"embeddable":true,"href":"https:\/\/jugulajm.net\/index.php?rest_route=%2Fwp%2Fv2%2Fcomments&post=65183"}],"version-history":[{"count":0,"href":"https:\/\/jugulajm.net\/index.php?rest_route=\/wp\/v2\/posts\/65183\/revisions"}],"wp:featuredmedia":[{"embeddable":true,"href":"https:\/\/jugulajm.net\/index.php?rest_route=\/wp\/v2\/media\/52023"}],"wp:attachment":[{"href":"https:\/\/jugulajm.net\/index.php?rest_route=%2Fwp%2Fv2%2Fmedia&parent=65183"}],"wp:term":[{"taxonomy":"category","embeddable":true,"href":"https:\/\/jugulajm.net\/index.php?rest_route=%2Fwp%2Fv2%2Fcategories&post=65183"},{"taxonomy":"post_tag","embeddable":true,"href":"https:\/\/jugulajm.net\/index.php?rest_route=%2Fwp%2Fv2%2Ftags&post=65183"}],"curies":[{"name":"wp","href":"https:\/\/api.w.org\/{rel}","templated":true}]}}