{"id":65138,"date":"2023-09-13T17:32:29","date_gmt":"2023-09-13T15:32:29","guid":{"rendered":"https:\/\/jugulajm.net\/?p=65138"},"modified":"2023-09-13T17:34:36","modified_gmt":"2023-09-13T15:34:36","slug":"automjeti-del-nga-rruga-plagosen-3-persona","status":"publish","type":"post","link":"https:\/\/jugulajm.net\/?p=65138","title":{"rendered":"Automjeti del nga rruga, plagosen 3 persona"},"content":{"rendered":"<p>Nj\u00eb aksident \u00ebsht\u00eb sh\u00ebnuar k\u00ebte pasdite, ku si pasoj\u00eb jan\u00eb d\u00ebmtuar 3 persona, banues n\u00eb Pogradec, pasagjer\u00eb n\u00eb k\u00ebt\u00eb automjet, t\u00eb cil\u00ebt u d\u00ebrguan p\u00ebr mjekim n\u00eb spitalin e Kor\u00e7\u00ebs.<\/p>\n<p>Shkak i aksidentit dyshohet humbja e kontrollit nga ana e shoferit.<\/p>\n<p><strong>Njoftimi i policise:<\/strong><\/p>\n<p><em>M\u00eb dat\u00eb 13.09.2023, rreth or\u00ebs 16:05, n\u00eb aksin rrugor \u201cKor\u00e7\u00eb-Pogradec\u201d, pran\u00eb kryq\u00ebzimit t\u00eb fshatit Libonik, Maliq, shtetasi R. L., duke drejtuar automjetin tip \u201cAudi\u201d, dyshohet se ka humbur kontrollin mbi drejtimin e tij dhe automjeti ka dal\u00eb nga rruga.<\/em><\/p>\n<p><em>P\u00ebr pasoj\u00eb jan\u00eb d\u00ebmtuar shtetasit I. V., 46 vje\u00e7, E. Xh., 23 vje\u00e7 dhe O. V., 17 vje\u00e7, banues n\u00eb Pogradec, pasagjer\u00eb n\u00eb k\u00ebt\u00eb automjet, t\u00eb cil\u00ebt u d\u00ebrguan p\u00ebr mjekim n\u00eb spitalin e Kor\u00e7\u00ebs.<\/em><\/p>\n<p><em>Me shtetasin R. L., po kryhen veprimet e m\u00ebtejshme procedurale. Grupi hetimor po punon p\u00ebr zbardhjen e rrethanave t\u00eb aksidentit.<\/em><\/p>\n","protected":false},"excerpt":{"rendered":"<p>Nj\u00eb aksident \u00ebsht\u00eb sh\u00ebnuar k\u00ebte pasdite, ku si pasoj\u00eb jan\u00eb d\u00ebmtuar 3 persona, banues n\u00eb Pogradec, pasagjer\u00eb n\u00eb k\u00ebt\u00eb automjet, t\u00eb cil\u00ebt u d\u00ebrguan p\u00ebr mjekim n\u00eb spitalin e Kor\u00e7\u00ebs. Shkak i aksidentit dyshohet humbja e kontrollit nga ana e shoferit. Njoftimi i policise: M\u00eb dat\u00eb 13.09.2023, rreth or\u00ebs 16:05, n\u00eb aksin rrugor \u201cKor\u00e7\u00eb-Pogradec\u201d, pran\u00eb [&hellip;]<\/p>\n","protected":false},"author":5,"featured_media":58064,"comment_status":"closed","ping_status":"closed","sticky":false,"template":"","format":"standard","meta":{"footnotes":""},"categories":[1,6332],"tags":[14344,26286],"class_list":{"0":"post-65138","1":"post","2":"type-post","3":"status-publish","4":"format-standard","5":"has-post-thumbnail","7":"category-aktualitet","8":"category-te-fundit","9":"tag-automjeti-del-nga-rruga","10":"tag-plagosen-3-persona"},"_links":{"self":[{"href":"https:\/\/jugulajm.net\/index.php?rest_route=\/wp\/v2\/posts\/65138","targetHints":{"allow":["GET"]}}],"collection":[{"href":"https:\/\/jugulajm.net\/index.php?rest_route=\/wp\/v2\/posts"}],"about":[{"href":"https:\/\/jugulajm.net\/index.php?rest_route=\/wp\/v2\/types\/post"}],"author":[{"embeddable":true,"href":"https:\/\/jugulajm.net\/index.php?rest_route=\/wp\/v2\/users\/5"}],"replies":[{"embeddable":true,"href":"https:\/\/jugulajm.net\/index.php?rest_route=%2Fwp%2Fv2%2Fcomments&post=65138"}],"version-history":[{"count":0,"href":"https:\/\/jugulajm.net\/index.php?rest_route=\/wp\/v2\/posts\/65138\/revisions"}],"wp:featuredmedia":[{"embeddable":true,"href":"https:\/\/jugulajm.net\/index.php?rest_route=\/wp\/v2\/media\/58064"}],"wp:attachment":[{"href":"https:\/\/jugulajm.net\/index.php?rest_route=%2Fwp%2Fv2%2Fmedia&parent=65138"}],"wp:term":[{"taxonomy":"category","embeddable":true,"href":"https:\/\/jugulajm.net\/index.php?rest_route=%2Fwp%2Fv2%2Fcategories&post=65138"},{"taxonomy":"post_tag","embeddable":true,"href":"https:\/\/jugulajm.net\/index.php?rest_route=%2Fwp%2Fv2%2Ftags&post=65138"}],"curies":[{"name":"wp","href":"https:\/\/api.w.org\/{rel}","templated":true}]}}