{"id":65129,"date":"2023-09-13T11:50:06","date_gmt":"2023-09-13T09:50:06","guid":{"rendered":"https:\/\/jugulajm.net\/?p=65129"},"modified":"2023-09-13T11:50:06","modified_gmt":"2023-09-13T09:50:06","slug":"emri-itali-27-vjecari-shqiptar-humb-jeten-ne-aksident-ishte-me-motor-kur","status":"publish","type":"post","link":"https:\/\/jugulajm.net\/?p=65129","title":{"rendered":"EMRI\/ Itali, 27-vje\u00e7ari shqiptar humb jet\u00ebn n\u00eb aksident, ishte me motor kur&#8230;"},"content":{"rendered":"<p>Nj\u00eb aksident tragjik ndodhi mbr\u00ebmjen e s\u00eb mart\u00ebs n\u00eb Circonvallazione Oriani, nj\u00eb zon\u00eb n\u00eb Verona t\u00eb Italis\u00eb, ku nj\u00eb shqiptar ka humbur jet\u00ebn.<\/p>\n<p>Mediat e huaja, b\u00ebjn\u00eb me dije se viktim\u00eb ka mbetur i riu shqiptar 27-vje\u00e7ari Redon Qevani.<\/p>\n<p>M\u00ebsohet se 27-vje\u00e7ari u p\u00ebrfshi n\u00eb aksident pasi humbi kontrollin e motorit tip Yamaha R6 ku udh\u00ebtonte.<\/p>\n<p>Dyshimet jan\u00eb q\u00eb aksidenti mund t\u00eb ket\u00eb ndodhur si pasoj\u00eb e hutimit t\u00eb moto\u00e7iklistit, shpejt\u00ebsis\u00eb ose keqfunksionimit t\u00eb motorit.<\/p>\n<p>T\u00eb tjera media shkruajn\u00eb se n\u00eb vendin e aksidentit pas ngjarjes shkuan mbi 30 t\u00eb af\u00ebrm t\u00eb viktim\u00ebs.<\/p>\n<p>I trisht\u00eb \u00ebsht\u00eb fakti se i riu do t\u00eb b\u00ebhej s\u00eb shpejti baba i nj\u00eb djali. N\u00eb vendin e ngjarjes ishte e pranishme edhe gruaja e viktim\u00ebs.<\/p>\n<p>Mediat shkruajn\u00eb se nj\u00eb prej t\u00eb af\u00ebrmve i ka v\u00ebn\u00eb zjarrin moto\u00e7iklet\u00ebs pa b\u00ebr\u00eb t\u00eb ditur arsyen.<\/p>\n<p>Policia po merret me hetimin e ngjarjes.<\/p>\n","protected":false},"excerpt":{"rendered":"<p>Nj\u00eb aksident tragjik ndodhi mbr\u00ebmjen e s\u00eb mart\u00ebs n\u00eb Circonvallazione Oriani, nj\u00eb zon\u00eb n\u00eb Verona t\u00eb Italis\u00eb, ku nj\u00eb shqiptar ka humbur jet\u00ebn. Mediat e huaja, b\u00ebjn\u00eb me dije se viktim\u00eb ka mbetur i riu shqiptar 27-vje\u00e7ari Redon Qevani. M\u00ebsohet se 27-vje\u00e7ari u p\u00ebrfshi n\u00eb aksident pasi humbi kontrollin e motorit tip Yamaha R6 ku [&hellip;]<\/p>\n","protected":false},"author":5,"featured_media":60126,"comment_status":"closed","ping_status":"closed","sticky":false,"template":"","format":"standard","meta":{"footnotes":""},"categories":[1,6332],"tags":[26279,23636,26280],"class_list":{"0":"post-65129","1":"post","2":"type-post","3":"status-publish","4":"format-standard","5":"has-post-thumbnail","7":"category-aktualitet","8":"category-te-fundit","9":"tag-27-vjecari-shqiptar-humb-jeten-ne-aksident","10":"tag-emri-itali","11":"tag-ishte-me-motor-kur"},"_links":{"self":[{"href":"https:\/\/jugulajm.net\/index.php?rest_route=\/wp\/v2\/posts\/65129","targetHints":{"allow":["GET"]}}],"collection":[{"href":"https:\/\/jugulajm.net\/index.php?rest_route=\/wp\/v2\/posts"}],"about":[{"href":"https:\/\/jugulajm.net\/index.php?rest_route=\/wp\/v2\/types\/post"}],"author":[{"embeddable":true,"href":"https:\/\/jugulajm.net\/index.php?rest_route=\/wp\/v2\/users\/5"}],"replies":[{"embeddable":true,"href":"https:\/\/jugulajm.net\/index.php?rest_route=%2Fwp%2Fv2%2Fcomments&post=65129"}],"version-history":[{"count":0,"href":"https:\/\/jugulajm.net\/index.php?rest_route=\/wp\/v2\/posts\/65129\/revisions"}],"wp:featuredmedia":[{"embeddable":true,"href":"https:\/\/jugulajm.net\/index.php?rest_route=\/wp\/v2\/media\/60126"}],"wp:attachment":[{"href":"https:\/\/jugulajm.net\/index.php?rest_route=%2Fwp%2Fv2%2Fmedia&parent=65129"}],"wp:term":[{"taxonomy":"category","embeddable":true,"href":"https:\/\/jugulajm.net\/index.php?rest_route=%2Fwp%2Fv2%2Fcategories&post=65129"},{"taxonomy":"post_tag","embeddable":true,"href":"https:\/\/jugulajm.net\/index.php?rest_route=%2Fwp%2Fv2%2Ftags&post=65129"}],"curies":[{"name":"wp","href":"https:\/\/api.w.org\/{rel}","templated":true}]}}