{"id":65068,"date":"2023-09-12T08:34:20","date_gmt":"2023-09-12T06:34:20","guid":{"rendered":"https:\/\/jugulajm.net\/?p=65068"},"modified":"2023-09-12T08:34:20","modified_gmt":"2023-09-12T06:34:20","slug":"moti-sot-i-kthjellet-dhe-me-vranesira-te-pakta","status":"publish","type":"post","link":"https:\/\/jugulajm.net\/?p=65068","title":{"rendered":"Moti sot\/ I kthjell\u00ebt dhe me vran\u00ebsira t\u00eb pakta"},"content":{"rendered":"<p>Vendi yn\u00eb do t\u00eb mbetet n\u00ebn ndikimin e masave ajrore t\u00eb q\u00ebndrueshme.<\/p>\n<p>Kjo situat\u00eb do t\u00eb b\u00ebj\u00eb t\u00eb mundur, q\u00eb moti i kthjell\u00ebt t\u00eb jet\u00eb dominant gjat\u00eb or\u00ebve t\u00eb paradites.<\/p>\n<p>Pjesa e dyt\u00eb e dit\u00ebs do t\u00eb sjell\u00eb vran\u00ebsira t\u00eb lehta n\u00eb t\u00eb gjith\u00eb zon\u00ebn malore.<\/p>\n<p>Nd\u00ebrkoh\u00eb zonat e ul\u00ebta dhe t\u00eb gjith\u00eb vija bregdetare do t\u00eb jet\u00eb n\u00ebn dominimin e motit t\u00eb kthjell\u00ebt dhe vran\u00ebsirave t\u00eb lehta.<\/p>\n<p>Gjat\u00eb nat\u00ebs pritet q\u00eb vran\u00ebsirat t\u00eb shtrihen n\u00eb nj\u00eb pjes\u00eb t\u00eb mir\u00eb t\u00eb territorit por nuk priten reshje.<\/p>\n<p>Temperaturat e ajrit do t\u00eb rriten leht\u00eb n\u00eb m\u00ebngjes, por ulen\u00a0 n\u00eb mesdit\u00eb duke luhatur vlerat ditore nga 13\u00b0C deri n\u00eb 35\u00b0C.<\/p>\n<p>Era do te fryj\u00eb e leht\u00eb dhe mesatare me shpejt\u00ebsi deri n\u00eb\u00a0 35 km\/h nga drejtimi Jug\u2013Jugper\u00ebndimor, duke krijuar n\u00eb brigjet detare dallg\u00ebzim mbi 2 ball\u00eb.<\/p>\n","protected":false},"excerpt":{"rendered":"<p>Vendi yn\u00eb do t\u00eb mbetet n\u00ebn ndikimin e masave ajrore t\u00eb q\u00ebndrueshme. Kjo situat\u00eb do t\u00eb b\u00ebj\u00eb t\u00eb mundur, q\u00eb moti i kthjell\u00ebt t\u00eb jet\u00eb dominant gjat\u00eb or\u00ebve t\u00eb paradites. Pjesa e dyt\u00eb e dit\u00ebs do t\u00eb sjell\u00eb vran\u00ebsira t\u00eb lehta n\u00eb t\u00eb gjith\u00eb zon\u00ebn malore. Nd\u00ebrkoh\u00eb zonat e ul\u00ebta dhe t\u00eb gjith\u00eb vija bregdetare [&hellip;]<\/p>\n","protected":false},"author":5,"featured_media":55848,"comment_status":"closed","ping_status":"closed","sticky":false,"template":"","format":"standard","meta":{"footnotes":""},"categories":[7650,6332],"tags":[26255],"class_list":{"0":"post-65068","1":"post","2":"type-post","3":"status-publish","4":"format-standard","5":"has-post-thumbnail","7":"category-moti","8":"category-te-fundit","9":"tag-moti-sot-i-kthjellet-dhe-me-vranesira-te-pakta"},"_links":{"self":[{"href":"https:\/\/jugulajm.net\/index.php?rest_route=\/wp\/v2\/posts\/65068","targetHints":{"allow":["GET"]}}],"collection":[{"href":"https:\/\/jugulajm.net\/index.php?rest_route=\/wp\/v2\/posts"}],"about":[{"href":"https:\/\/jugulajm.net\/index.php?rest_route=\/wp\/v2\/types\/post"}],"author":[{"embeddable":true,"href":"https:\/\/jugulajm.net\/index.php?rest_route=\/wp\/v2\/users\/5"}],"replies":[{"embeddable":true,"href":"https:\/\/jugulajm.net\/index.php?rest_route=%2Fwp%2Fv2%2Fcomments&post=65068"}],"version-history":[{"count":0,"href":"https:\/\/jugulajm.net\/index.php?rest_route=\/wp\/v2\/posts\/65068\/revisions"}],"wp:featuredmedia":[{"embeddable":true,"href":"https:\/\/jugulajm.net\/index.php?rest_route=\/wp\/v2\/media\/55848"}],"wp:attachment":[{"href":"https:\/\/jugulajm.net\/index.php?rest_route=%2Fwp%2Fv2%2Fmedia&parent=65068"}],"wp:term":[{"taxonomy":"category","embeddable":true,"href":"https:\/\/jugulajm.net\/index.php?rest_route=%2Fwp%2Fv2%2Fcategories&post=65068"},{"taxonomy":"post_tag","embeddable":true,"href":"https:\/\/jugulajm.net\/index.php?rest_route=%2Fwp%2Fv2%2Ftags&post=65068"}],"curies":[{"name":"wp","href":"https:\/\/api.w.org\/{rel}","templated":true}]}}