{"id":65051,"date":"2023-09-11T19:09:01","date_gmt":"2023-09-11T17:09:01","guid":{"rendered":"https:\/\/jugulajm.net\/?p=65051"},"modified":"2023-09-11T19:17:32","modified_gmt":"2023-09-11T17:17:32","slug":"foto-greqi-perplasje-bandash-6-persona-kane-humbur-jeten-dyshohen-se-jane-shqiptare","status":"publish","type":"post","link":"https:\/\/jugulajm.net\/?p=65051","title":{"rendered":"FOTO\/ Greqi, p\u00ebrplasje bandash, 6 persona humbin jet\u00ebn, dyshohen se jan\u00eb shqiptar\u00eb"},"content":{"rendered":"<p>Nj\u00eb ngjarje e r\u00ebnd\u00eb ka ndodhur n\u00eb Greqi. T\u00eb pakt\u00ebn gjasht\u00eb persona kan\u00eb humbur jet\u00ebn pas t\u00eb sht\u00ebnave me arm\u00eb zjarri. Sipas informacioneve paraprake b\u00ebhet fjal\u00eb p\u00ebr nj\u00eb larje hesapesh,. Pes\u00eb prej viktimave ndodheshin brenda nj\u00eb automjeti, nd\u00ebrsa nj\u00ebri u gjet jasht\u00eb makin\u00ebs, e cila thuhet se kishte targa gjermane.<\/p>\n<p>Alarmi \u00ebsht\u00eb dh\u00ebn\u00eb pasditen e s\u00eb h\u00ebn\u00ebs (11\/9) n\u00eb Artemisa pas nj\u00eb incidenti me arm\u00eb zjarri, ku sipas informacioneve t\u00eb para jan\u00eb gjasht\u00eb t\u00eb vdekur. Me siguri jan\u00eb shtetas shqiptar\u00eb. M\u00eb konkretisht, episodi i p\u00ebrgjaksh\u00ebm ka ndodhur n\u00eb kryq\u00ebzimin e rrug\u00ebve Arionos dhe Acropoleos dhe duket se ka pasur nj\u00eb shk\u00ebmbim t\u00eb sht\u00ebna me arm\u00eb zjarri, rrethanat e t\u00eb cilit ende nuk dihen, raporton\u00a0<a href=\"https:\/\/www.cnn.gr\/ellada\/story\/381534\/artemida-pente-nekroi-se-ksekatharisma-logariasmon\">CNN grek<\/a><\/p>\n<p>Nj\u00ebri, i cili ndoshta ishte edhe shoferi, tentoi t\u00eb arratisej dhe u hodh nga automjeti. Pes\u00eb t\u00eb tjer\u00ebt ndodheshin brenda automjetit.<\/p>\n<div id=\"rekl-13\">\n<div id=\"__sap-ad-15\" class=\"__sap-ads __sap-html tracked\" data-title=\"Credins desktop Brenda lajmit 08\">Mir\u00ebpo, k\u00ebto jan\u00eb t\u00eb sht\u00ebna nga nj\u00eb pistolet\u00eb 9-gamesh dhe ndoshta lidhen me nj\u00eb rast \u201cmafioz\u201d p\u00ebr t\u00eb lar\u00eb hesapet. Makina n\u00eb t\u00eb cil\u00ebn u gjet\u00ebn tre t\u00eb vdekurit \u00ebsht\u00eb me targa gjermane.<\/div>\n<\/div>\n<div id=\"rekl-42\"><\/div>\n<p>Forca t\u00eb forta t\u00eb grupit DIAS kan\u00eb mb\u00ebrritur n\u00eb vendngjarje dhe kan\u00eb rrethuar zon\u00ebn, nd\u00ebrsa plumbat e gjetur vijn\u00eb nga nj\u00eb pistolet\u00eb 9 gam\u00eb q\u00eb duket se \u00ebsht\u00eb p\u00ebrdorur n\u00eb ekzekutim.<\/p>\n<p>Policia ka nisur hetimet p\u00ebr identifikimin e autor\u00ebve, nd\u00ebrsa n\u00eb t\u00eb nj\u00ebjt\u00ebn koh\u00eb po mbledh d\u00ebshmit\u00eb e banor\u00ebve t\u00eb zon\u00ebs dhe po skanon kamerat e siguris\u00eb p\u00ebr t\u00eb mbledhur video materiale q\u00eb do t&#8217;i ndihmojn\u00eb t\u00eb zbardhin l\u00ebmshin e ekzekutimit.<img decoding=\"async\" src=\"https:\/\/timoni.al\/wp-content\/uploads\/2023\/09\/8C69CF5E-0B97-4722-9704-FD4669676CEB-750x375.jpeg\" alt=\"U ekzekutuan me 25 plumba, si u vran\u00eb 6 shqiptar\u00ebt n\u00eb Greqi\" \/><img decoding=\"async\" src=\"https:\/\/cdnimpuls.com\/tpz.al\/media3\/-640-0-loutsa-mk-new-929.jpg\" alt=\"Kujdes, pamje t\u00eb r\u00ebnda\/ Ekzekutimi me 25 plumba i 6 shqiptar\u00ebve\" \/><\/p>\n","protected":false},"excerpt":{"rendered":"<p>Nj\u00eb ngjarje e r\u00ebnd\u00eb ka ndodhur n\u00eb Greqi. T\u00eb pakt\u00ebn gjasht\u00eb persona kan\u00eb humbur jet\u00ebn pas t\u00eb sht\u00ebnave me arm\u00eb zjarri. Sipas informacioneve paraprake b\u00ebhet fjal\u00eb p\u00ebr nj\u00eb larje hesapesh,. Pes\u00eb prej viktimave ndodheshin brenda nj\u00eb automjeti, nd\u00ebrsa nj\u00ebri u gjet jasht\u00eb makin\u00ebs, e cila thuhet se kishte targa gjermane. Alarmi \u00ebsht\u00eb dh\u00ebn\u00eb pasditen e [&hellip;]<\/p>\n","protected":false},"author":5,"featured_media":65052,"comment_status":"closed","ping_status":"closed","sticky":false,"template":"","format":"standard","meta":{"footnotes":""},"categories":[1,6332],"tags":[26247,26248,25393,26246],"class_list":{"0":"post-65051","1":"post","2":"type-post","3":"status-publish","4":"format-standard","5":"has-post-thumbnail","7":"category-aktualitet","8":"category-te-fundit","9":"tag-6-persona-kane-humbur-jeten","10":"tag-dyshohen-se-jane-shqiptare","11":"tag-foto-greqi","12":"tag-perplasje-bandash"},"_links":{"self":[{"href":"https:\/\/jugulajm.net\/index.php?rest_route=\/wp\/v2\/posts\/65051","targetHints":{"allow":["GET"]}}],"collection":[{"href":"https:\/\/jugulajm.net\/index.php?rest_route=\/wp\/v2\/posts"}],"about":[{"href":"https:\/\/jugulajm.net\/index.php?rest_route=\/wp\/v2\/types\/post"}],"author":[{"embeddable":true,"href":"https:\/\/jugulajm.net\/index.php?rest_route=\/wp\/v2\/users\/5"}],"replies":[{"embeddable":true,"href":"https:\/\/jugulajm.net\/index.php?rest_route=%2Fwp%2Fv2%2Fcomments&post=65051"}],"version-history":[{"count":0,"href":"https:\/\/jugulajm.net\/index.php?rest_route=\/wp\/v2\/posts\/65051\/revisions"}],"wp:featuredmedia":[{"embeddable":true,"href":"https:\/\/jugulajm.net\/index.php?rest_route=\/wp\/v2\/media\/65052"}],"wp:attachment":[{"href":"https:\/\/jugulajm.net\/index.php?rest_route=%2Fwp%2Fv2%2Fmedia&parent=65051"}],"wp:term":[{"taxonomy":"category","embeddable":true,"href":"https:\/\/jugulajm.net\/index.php?rest_route=%2Fwp%2Fv2%2Fcategories&post=65051"},{"taxonomy":"post_tag","embeddable":true,"href":"https:\/\/jugulajm.net\/index.php?rest_route=%2Fwp%2Fv2%2Ftags&post=65051"}],"curies":[{"name":"wp","href":"https:\/\/api.w.org\/{rel}","templated":true}]}}