{"id":65044,"date":"2023-09-11T15:45:21","date_gmt":"2023-09-11T13:45:21","guid":{"rendered":"https:\/\/jugulajm.net\/?p=65044"},"modified":"2023-09-11T15:45:21","modified_gmt":"2023-09-11T13:45:21","slug":"prokuroria-dryshon-akuzat-per-rrajat-do-te-hetohen-per-plagosje-te-lehte","status":"publish","type":"post","link":"https:\/\/jugulajm.net\/?p=65044","title":{"rendered":"Prokuroria dryshon akuzat p\u00ebr Rrajat, do t\u00eb hetohen p\u00ebr \u201cplagosje t\u00eb leht\u00eb\u201d"},"content":{"rendered":"<p>Prokuroria e Tiran\u00ebs ka ndryshuar akuz\u00ebn p\u00ebr an\u00ebtar\u00ebt e fisit Rraja t\u00eb cil\u00ebt dhunuan n\u00eb m\u00ebnyr\u00eb brutale Bilibil dhe Jashar Maj\u00ebn.<\/p>\n<p>N\u00eb nisje t\u00eb hetimeve, personat e p\u00ebrfshir\u00eb n\u00eb k\u00ebt\u00eb ngjarje u akuzuan p\u00ebr \u201cplagosje t\u00eb r\u00ebnd\u00eb me dashje, n\u00eb bashk\u00ebpunim\u201d, por m\u00eb pas Prokuroria ka vler\u00ebsuar se hetimi duhet t\u00eb vijoj\u00eb p\u00ebr \u00a0\u201cplagosje t\u00eb leht\u00eb me dashje\u201d.<\/p>\n<p>Sipas Prokuroris\u00eb ndryshimi i kualifikimit ka ardhur pas administrimit t\u00eb akt-ekspertimeve mjeko ligjore ndaj t\u00eb d\u00ebmtuarve.<\/p>\n<p>P\u00ebrve\u00e7 leht\u00ebsimit t\u00eb pozit\u00ebs penale, akuza e re k\u00ebrkon ankim nga t\u00eb d\u00ebmtuarit p\u00ebr vijimin e hetimit.<\/p>\n<p>Kujtojm\u00eb se dy kush\u00ebrinjt\u00eb Maja u dhunuan nga fisi Rraja p\u00ebr\u00a0shkak t\u00eb punimeve\u00a0n\u00eb guroren n\u00eb pron\u00ebsi t\u00eb P\u00ebrparim Rraj\u00ebs ku gjat\u00eb shp\u00ebrthimit iu d\u00ebmtonin banesat banor\u00ebve t\u00eb zon\u00ebs.<\/p>\n<p>N\u00eb k\u00ebrkim vijojn\u00eb t\u00eb jen\u00eb 4 persona mes tyre edhe Rexhep Rraja, djali i ish-deputetit socialist.<\/p>\n","protected":false},"excerpt":{"rendered":"<p>Prokuroria e Tiran\u00ebs ka ndryshuar akuz\u00ebn p\u00ebr an\u00ebtar\u00ebt e fisit Rraja t\u00eb cil\u00ebt dhunuan n\u00eb m\u00ebnyr\u00eb brutale Bilibil dhe Jashar Maj\u00ebn. N\u00eb nisje t\u00eb hetimeve, personat e p\u00ebrfshir\u00eb n\u00eb k\u00ebt\u00eb ngjarje u akuzuan p\u00ebr \u201cplagosje t\u00eb r\u00ebnd\u00eb me dashje, n\u00eb bashk\u00ebpunim\u201d, por m\u00eb pas Prokuroria ka vler\u00ebsuar se hetimi duhet t\u00eb vijoj\u00eb p\u00ebr \u00a0\u201cplagosje t\u00eb [&hellip;]<\/p>\n","protected":false},"author":5,"featured_media":61927,"comment_status":"closed","ping_status":"closed","sticky":false,"template":"","format":"standard","meta":{"footnotes":""},"categories":[1,6332],"tags":[26241,26240],"class_list":{"0":"post-65044","1":"post","2":"type-post","3":"status-publish","4":"format-standard","5":"has-post-thumbnail","7":"category-aktualitet","8":"category-te-fundit","9":"tag-do-te-hetohen-per-plagosje-te-lehte","10":"tag-prokuroria-dryshon-akuzat-per-rrajat"},"_links":{"self":[{"href":"https:\/\/jugulajm.net\/index.php?rest_route=\/wp\/v2\/posts\/65044","targetHints":{"allow":["GET"]}}],"collection":[{"href":"https:\/\/jugulajm.net\/index.php?rest_route=\/wp\/v2\/posts"}],"about":[{"href":"https:\/\/jugulajm.net\/index.php?rest_route=\/wp\/v2\/types\/post"}],"author":[{"embeddable":true,"href":"https:\/\/jugulajm.net\/index.php?rest_route=\/wp\/v2\/users\/5"}],"replies":[{"embeddable":true,"href":"https:\/\/jugulajm.net\/index.php?rest_route=%2Fwp%2Fv2%2Fcomments&post=65044"}],"version-history":[{"count":0,"href":"https:\/\/jugulajm.net\/index.php?rest_route=\/wp\/v2\/posts\/65044\/revisions"}],"wp:featuredmedia":[{"embeddable":true,"href":"https:\/\/jugulajm.net\/index.php?rest_route=\/wp\/v2\/media\/61927"}],"wp:attachment":[{"href":"https:\/\/jugulajm.net\/index.php?rest_route=%2Fwp%2Fv2%2Fmedia&parent=65044"}],"wp:term":[{"taxonomy":"category","embeddable":true,"href":"https:\/\/jugulajm.net\/index.php?rest_route=%2Fwp%2Fv2%2Fcategories&post=65044"},{"taxonomy":"post_tag","embeddable":true,"href":"https:\/\/jugulajm.net\/index.php?rest_route=%2Fwp%2Fv2%2Ftags&post=65044"}],"curies":[{"name":"wp","href":"https:\/\/api.w.org\/{rel}","templated":true}]}}