{"id":65042,"date":"2023-09-11T13:25:03","date_gmt":"2023-09-11T11:25:03","guid":{"rendered":"https:\/\/jugulajm.net\/?p=65042"},"modified":"2023-09-11T13:25:03","modified_gmt":"2023-09-11T11:25:03","slug":"tmerr-nderron-jete-femija-2-vjec-ne-diten-e-pare-e-kopshtit-ja-arsyeja","status":"publish","type":"post","link":"https:\/\/jugulajm.net\/?p=65042","title":{"rendered":"Tmerr\/ Nd\u00ebrron jet\u00eb f\u00ebmija 2 vje\u00e7 n\u00eb dit\u00ebn e par\u00eb e kopshtit, ja arsyeja&#8230;"},"content":{"rendered":"<p>Nj\u00eb ngjarje tragjike ka ndodhur dit\u00ebn e sotme n\u00eb nj\u00eb kop\u00ebsht n\u00eb Burrel. Raportohet se nj\u00eb f\u00ebmij\u00eb 2 vje\u00e7 \u00ebsht\u00eb ndjer\u00eb keq dhe ka nd\u00ebrruar jet\u00eb rrug\u00ebs p\u00ebr n\u00eb spital.<\/p>\n<p>Burime b\u00ebjn\u00eb t\u00eb ditur f\u00ebmija \u00ebsht\u00eb ndjer\u00eb keq dhe ka humbur ndjenjat n\u00eb kop\u00ebsht. Ndon\u00ebse stafi e ka d\u00ebrguar n\u00eb spital me nj\u00eb mjet privat, fatkeq\u00ebsisht vog\u00eblushi nuk ka mundur q\u00eb t\u00eb mbijetoj\u00eb. Theksojm\u00eb se ngjarja e r\u00ebnd\u00eb ndodhi n\u00eb dit\u00ebn e par\u00eb t\u00eb nisjes s\u00eb vitit t\u00eb ri shkollor n\u00eb t\u00eb gjith\u00eb vendin, si dhe nisjes s\u00eb kopshtit.<\/p>\n<p>Nga familjar\u00ebt m\u00ebsohet se i mituri kishte qen\u00eb me temperatur\u00eb dhe t\u00eb vjella disa dit\u00eb m\u00eb par\u00eb, por do t\u00eb jet\u00eb ekspertiza mjeko-ligjore ajo q\u00eb do t\u00eb p\u00ebrcaktoj\u00eb shkakun e v\u00ebrtet\u00eb t\u00eb vdekjes s\u00eb f\u00ebmij\u00ebs. Nd\u00ebrkoh\u00eb prokuroria ka nisur hetimet p\u00ebe zbardhjen e plot\u00eb t\u00eb rrethanave t\u00eb ngjarjes.<\/p>\n<p><strong>Mat\/informacion paraprak:<\/strong><\/p>\n<p>Nj\u00eb f\u00ebmij\u00eb i mitur i mosh\u00ebs 2-vje\u00e7, n\u00eb ambientet e \u00e7erdhes nr 2, n\u00eb Burrel ku ishte d\u00ebrguar nga prind\u00ebrit ka shfaqur probleme sh\u00ebndet\u00ebsore dhe menj\u00ebher\u00eb \u00ebsht\u00eb d\u00ebrguar nga dy edukatore n\u00eb urgjenc\u00ebn e spitalit t\u00eb Burrelit. P\u00ebr pasoj\u00eb i mituri ka humbur jet\u00ebn n\u00eb spital.<\/p>\n<p>Grupi hetimor n\u00ebn drejtimin e Prokuroris\u00eb po vijojn\u00eb hetimet p\u00ebr zbardhjen e rrethanave t\u00eb k\u00ebsaj ngjarjeje.<\/p>\n","protected":false},"excerpt":{"rendered":"<p>Nj\u00eb ngjarje tragjike ka ndodhur dit\u00ebn e sotme n\u00eb nj\u00eb kop\u00ebsht n\u00eb Burrel. Raportohet se nj\u00eb f\u00ebmij\u00eb 2 vje\u00e7 \u00ebsht\u00eb ndjer\u00eb keq dhe ka nd\u00ebrruar jet\u00eb rrug\u00ebs p\u00ebr n\u00eb spital. Burime b\u00ebjn\u00eb t\u00eb ditur f\u00ebmija \u00ebsht\u00eb ndjer\u00eb keq dhe ka humbur ndjenjat n\u00eb kop\u00ebsht. Ndon\u00ebse stafi e ka d\u00ebrguar n\u00eb spital me nj\u00eb mjet privat, [&hellip;]<\/p>\n","protected":false},"author":5,"featured_media":54477,"comment_status":"closed","ping_status":"closed","sticky":false,"template":"","format":"standard","meta":{"footnotes":""},"categories":[1,6332],"tags":[20856,26239],"class_list":{"0":"post-65042","1":"post","2":"type-post","3":"status-publish","4":"format-standard","5":"has-post-thumbnail","7":"category-aktualitet","8":"category-te-fundit","9":"tag-ja-arsyeja","10":"tag-tmerr-nderron-jete-femija-2-vjec-ne-diten-e-pare-e-kopshtit"},"_links":{"self":[{"href":"https:\/\/jugulajm.net\/index.php?rest_route=\/wp\/v2\/posts\/65042","targetHints":{"allow":["GET"]}}],"collection":[{"href":"https:\/\/jugulajm.net\/index.php?rest_route=\/wp\/v2\/posts"}],"about":[{"href":"https:\/\/jugulajm.net\/index.php?rest_route=\/wp\/v2\/types\/post"}],"author":[{"embeddable":true,"href":"https:\/\/jugulajm.net\/index.php?rest_route=\/wp\/v2\/users\/5"}],"replies":[{"embeddable":true,"href":"https:\/\/jugulajm.net\/index.php?rest_route=%2Fwp%2Fv2%2Fcomments&post=65042"}],"version-history":[{"count":0,"href":"https:\/\/jugulajm.net\/index.php?rest_route=\/wp\/v2\/posts\/65042\/revisions"}],"wp:featuredmedia":[{"embeddable":true,"href":"https:\/\/jugulajm.net\/index.php?rest_route=\/wp\/v2\/media\/54477"}],"wp:attachment":[{"href":"https:\/\/jugulajm.net\/index.php?rest_route=%2Fwp%2Fv2%2Fmedia&parent=65042"}],"wp:term":[{"taxonomy":"category","embeddable":true,"href":"https:\/\/jugulajm.net\/index.php?rest_route=%2Fwp%2Fv2%2Fcategories&post=65042"},{"taxonomy":"post_tag","embeddable":true,"href":"https:\/\/jugulajm.net\/index.php?rest_route=%2Fwp%2Fv2%2Ftags&post=65042"}],"curies":[{"name":"wp","href":"https:\/\/api.w.org\/{rel}","templated":true}]}}