{"id":65040,"date":"2023-09-11T12:38:33","date_gmt":"2023-09-11T10:38:33","guid":{"rendered":"https:\/\/jugulajm.net\/?p=65040"},"modified":"2023-09-11T12:38:33","modified_gmt":"2023-09-11T10:38:33","slug":"emri-mori-peng-14-vjecaren-31-vjecari-i-shpeton-arrestimit-sepse","status":"publish","type":"post","link":"https:\/\/jugulajm.net\/?p=65040","title":{"rendered":"EMRI\/ Mori peng 14-vje\u00e7aren, 31-vje\u00e7ari i shp\u00ebton arrestimit sepse&#8230;"},"content":{"rendered":"<p>Nj\u00eb 14-vje\u00e7areje i \u00ebsht\u00eb hequr p\u00ebr disa or\u00eb liria duke e mbajtur t\u00eb mbyllur n\u00eb banes\u00eb nga nj\u00eb djal\u00eb 17 vjet m\u00eb t\u00eb madh.<\/p>\n<p>Ngjarja \u00ebsht\u00eb regjistruar n\u00eb\u00a0nj\u00eb fshat t\u00eb Matit.<\/p>\n<p>Ergys Kertuka, banues n\u00eb fshatin Frankth, sapo ka konstatuar mb\u00ebrritjen e sh\u00ebrbimeve t\u00eb policis\u00eb n\u00eb fshat,\u00a0p\u00ebr shkak t\u00eb ndjekjes intensive dhe kontrolleve q\u00eb po ushtronte policia, 31-vje\u00e7ari, e ka l\u00ebn\u00eb t\u00eb mitur\u00ebn dhe vet\u00eb ka mundur t\u00eb largohet.<\/p>\n<p>Ndaj 31-vje\u00e7arit \u00ebsht\u00eb ngritur akuza &#8220;Heqja e paligjshme e liris\u00eb&#8221;.<\/p>\n<p>Ky \u00ebsht\u00eb rasti i dyt\u00eb brenda dy dit\u00ebsh ku u hiqet liria p\u00ebr disa or\u00eb vajzave 14-vje\u00e7are.<\/p>\n","protected":false},"excerpt":{"rendered":"<p>Nj\u00eb 14-vje\u00e7areje i \u00ebsht\u00eb hequr p\u00ebr disa or\u00eb liria duke e mbajtur t\u00eb mbyllur n\u00eb banes\u00eb nga nj\u00eb djal\u00eb 17 vjet m\u00eb t\u00eb madh. Ngjarja \u00ebsht\u00eb regjistruar n\u00eb\u00a0nj\u00eb fshat t\u00eb Matit. Ergys Kertuka, banues n\u00eb fshatin Frankth, sapo ka konstatuar mb\u00ebrritjen e sh\u00ebrbimeve t\u00eb policis\u00eb n\u00eb fshat,\u00a0p\u00ebr shkak t\u00eb ndjekjes intensive dhe kontrolleve q\u00eb po [&hellip;]<\/p>\n","protected":false},"author":5,"featured_media":52254,"comment_status":"closed","ping_status":"closed","sticky":false,"template":"","format":"standard","meta":{"footnotes":""},"categories":[1,6332],"tags":[26238,26237],"class_list":{"0":"post-65040","1":"post","2":"type-post","3":"status-publish","4":"format-standard","5":"has-post-thumbnail","7":"category-aktualitet","8":"category-te-fundit","9":"tag-31-vjecari-i-shpeton-arrestimit-sepse","10":"tag-emri-mori-peng-14-vjecaren"},"_links":{"self":[{"href":"https:\/\/jugulajm.net\/index.php?rest_route=\/wp\/v2\/posts\/65040","targetHints":{"allow":["GET"]}}],"collection":[{"href":"https:\/\/jugulajm.net\/index.php?rest_route=\/wp\/v2\/posts"}],"about":[{"href":"https:\/\/jugulajm.net\/index.php?rest_route=\/wp\/v2\/types\/post"}],"author":[{"embeddable":true,"href":"https:\/\/jugulajm.net\/index.php?rest_route=\/wp\/v2\/users\/5"}],"replies":[{"embeddable":true,"href":"https:\/\/jugulajm.net\/index.php?rest_route=%2Fwp%2Fv2%2Fcomments&post=65040"}],"version-history":[{"count":0,"href":"https:\/\/jugulajm.net\/index.php?rest_route=\/wp\/v2\/posts\/65040\/revisions"}],"wp:featuredmedia":[{"embeddable":true,"href":"https:\/\/jugulajm.net\/index.php?rest_route=\/wp\/v2\/media\/52254"}],"wp:attachment":[{"href":"https:\/\/jugulajm.net\/index.php?rest_route=%2Fwp%2Fv2%2Fmedia&parent=65040"}],"wp:term":[{"taxonomy":"category","embeddable":true,"href":"https:\/\/jugulajm.net\/index.php?rest_route=%2Fwp%2Fv2%2Fcategories&post=65040"},{"taxonomy":"post_tag","embeddable":true,"href":"https:\/\/jugulajm.net\/index.php?rest_route=%2Fwp%2Fv2%2Ftags&post=65040"}],"curies":[{"name":"wp","href":"https:\/\/api.w.org\/{rel}","templated":true}]}}